
{"id":86804,"date":"2020-05-15T21:16:34","date_gmt":"2020-05-16T00:16:34","guid":{"rendered":"https:\/\/www.sudoestehoje.com.br\/novoportal\/?p=86804"},"modified":"2020-05-15T22:52:14","modified_gmt":"2020-05-16T01:52:14","slug":"foi-mexer-com-os-manos","status":"publish","type":"post","link":"https:\/\/www.sudoestehoje.com.br\/novoportal\/2020\/05\/15\/foi-mexer-com-os-manos\/","title":{"rendered":"FOI MEXER LOGO COM OS &#8216;MANOS&#8217;&#8230;"},"content":{"rendered":"<p><a href=\"https:\/\/www.sudoestehoje.com.br\/novoportal\/wp-content\/uploads\/2020\/05\/os-manos-blog.jpg\"><img loading=\"lazy\" decoding=\"async\" class=\"aligncenter wp-image-86805\" src=\"https:\/\/www.sudoestehoje.com.br\/novoportal\/wp-content\/uploads\/2020\/05\/os-manos-blog-500x258.jpg\" alt=\"\" width=\"233\" height=\"120\" srcset=\"https:\/\/www.sudoestehoje.com.br\/novoportal\/wp-content\/uploads\/2020\/05\/os-manos-blog-500x258.jpg 500w, https:\/\/www.sudoestehoje.com.br\/novoportal\/wp-content\/uploads\/2020\/05\/os-manos-blog-700x362.jpg 700w, https:\/\/www.sudoestehoje.com.br\/novoportal\/wp-content\/uploads\/2020\/05\/os-manos-blog.jpg 728w\" sizes=\"auto, (max-width: 233px) 100vw, 233px\" \/><\/a><\/p>\n<p>Depois de instigar um pequeno grupo de moradores do 12 de dezembro para protestar contra a instala\u00e7\u00e3o de um hospital de retaguarda da Covid-19, blogueiro condenado do PT t\u00e1 colhendo o que n\u00e3o esperava: a revolta dos &#8216;manos&#8217; da redondeza. Vejam o que rolou nos grupos do zap hoje: <em>&#8220;Eu tava conversando com uma moradora do Brogod\u00f3 agora&#8230; Ela disse que os manos l\u00e1 do bairro disseram que a pol\u00edcia ficou l\u00e1 um dia todo e que ningu\u00e9m apareceu pra fazer tumulto sobre o hospital de campanha&#8230; Que s\u00f3 era o cabeludo que tava colocando pilha e que se a pol\u00edcia ficasse l\u00e1 de guarda atrapalhando a correria dos manos que o cabeludo que ia cair na ripa&#8221;<\/em>. Bate n\u00e3o, manos&#8230;<\/p>\n","protected":false},"excerpt":{"rendered":"<p>Depois de instigar um pequeno grupo de moradores do 12 de dezembro para protestar contra a instala\u00e7\u00e3o de um hospital de retaguarda da Covid-19, blogueiro condenado do PT t\u00e1 colhendo o que n\u00e3o esperava: a revolta dos &#8216;manos&#8217; da redondeza. Vejam o que rolou nos grupos do zap hoje: &#8220;Eu tava conversando com uma moradora [&hellip;]<\/p>\n","protected":false},"author":2,"featured_media":86805,"comment_status":"open","ping_status":"open","sticky":false,"template":"","format":"standard","meta":{"footnotes":"","_links_to":"","_links_to_target":""},"categories":[11],"tags":[],"class_list":["post-86804","post","type-post","status-publish","format-standard","has-post-thumbnail","hentry","category-quentinhas"],"views":610,"_links":{"self":[{"href":"https:\/\/www.sudoestehoje.com.br\/novoportal\/wp-json\/wp\/v2\/posts\/86804","targetHints":{"allow":["GET"]}}],"collection":[{"href":"https:\/\/www.sudoestehoje.com.br\/novoportal\/wp-json\/wp\/v2\/posts"}],"about":[{"href":"https:\/\/www.sudoestehoje.com.br\/novoportal\/wp-json\/wp\/v2\/types\/post"}],"author":[{"embeddable":true,"href":"https:\/\/www.sudoestehoje.com.br\/novoportal\/wp-json\/wp\/v2\/users\/2"}],"replies":[{"embeddable":true,"href":"https:\/\/www.sudoestehoje.com.br\/novoportal\/wp-json\/wp\/v2\/comments?post=86804"}],"version-history":[{"count":4,"href":"https:\/\/www.sudoestehoje.com.br\/novoportal\/wp-json\/wp\/v2\/posts\/86804\/revisions"}],"predecessor-version":[{"id":86821,"href":"https:\/\/www.sudoestehoje.com.br\/novoportal\/wp-json\/wp\/v2\/posts\/86804\/revisions\/86821"}],"wp:featuredmedia":[{"embeddable":true,"href":"https:\/\/www.sudoestehoje.com.br\/novoportal\/wp-json\/wp\/v2\/media\/86805"}],"wp:attachment":[{"href":"https:\/\/www.sudoestehoje.com.br\/novoportal\/wp-json\/wp\/v2\/media?parent=86804"}],"wp:term":[{"taxonomy":"category","embeddable":true,"href":"https:\/\/www.sudoestehoje.com.br\/novoportal\/wp-json\/wp\/v2\/categories?post=86804"},{"taxonomy":"post_tag","embeddable":true,"href":"https:\/\/www.sudoestehoje.com.br\/novoportal\/wp-json\/wp\/v2\/tags?post=86804"}],"curies":[{"name":"wp","href":"https:\/\/api.w.org\/{rel}","templated":true}]}}