
{"id":86784,"date":"2020-05-15T17:40:41","date_gmt":"2020-05-15T20:40:41","guid":{"rendered":"https:\/\/www.sudoestehoje.com.br\/novoportal\/?p=86784"},"modified":"2020-05-15T17:40:41","modified_gmt":"2020-05-15T20:40:41","slug":"fundacao-jose-silveira-distribui-mais-de-uma-tonelada-de-alimentos-em-itapetinga","status":"publish","type":"post","link":"https:\/\/www.sudoestehoje.com.br\/novoportal\/2020\/05\/15\/fundacao-jose-silveira-distribui-mais-de-uma-tonelada-de-alimentos-em-itapetinga\/","title":{"rendered":"FUNDA\u00c7\u00c3O JOS\u00c9 SILVEIRA DISTRIBUI MAIS DE UMA TONELADA DE ALIMENTOS EM ITAPETINGA"},"content":{"rendered":"<p><a href=\"https:\/\/www.sudoestehoje.com.br\/novoportal\/wp-content\/uploads\/2020\/05\/ALI-6.jpeg\"><img loading=\"lazy\" decoding=\"async\" class=\"aligncenter size-medium wp-image-86790\" src=\"https:\/\/www.sudoestehoje.com.br\/novoportal\/wp-content\/uploads\/2020\/05\/ALI-6-500x375.jpeg\" alt=\"\" width=\"500\" height=\"375\" srcset=\"https:\/\/www.sudoestehoje.com.br\/novoportal\/wp-content\/uploads\/2020\/05\/ALI-6-500x375.jpeg 500w, https:\/\/www.sudoestehoje.com.br\/novoportal\/wp-content\/uploads\/2020\/05\/ALI-6-700x525.jpeg 700w, https:\/\/www.sudoestehoje.com.br\/novoportal\/wp-content\/uploads\/2020\/05\/ALI-6-768x576.jpeg 768w, https:\/\/www.sudoestehoje.com.br\/novoportal\/wp-content\/uploads\/2020\/05\/ALI-6.jpeg 1280w\" sizes=\"auto, (max-width: 500px) 100vw, 500px\" \/><\/a><\/p>\n<p>A Funda\u00e7\u00e3o Jos\u00e9 Silveira distribuiu, nesta sexta-feira (15), mais de uma tonelada de alimentos na Unidade do munic\u00edpio de Itapetinga.<\/p>\n<p>O momento contou com um momento de louvor e adora\u00e7\u00e3o com o grupo da Igreja Quadrangular. A a\u00e7\u00e3o de amor e solidariedade ao pr\u00f3ximo contou com a presen\u00e7a de dezenas fam\u00edlias carentes de diversos bairros da cidade, que se reuniram no estacionamento do Hospital Cristo Redentor.<\/p>\n<p>No ato, a equipe da FJS adotou um s\u00e9rie de medidas, como distribui\u00e7\u00e3o de \u00e1lcool em geral, m\u00e1scaras e espa\u00e7o de dist\u00e2ncia de 1,5 entre cada pessoa.<\/p>\n<p>A coordenadora geral da Unidade Ana B\u00e1rbara, o coordenador executivo da Federa\u00e7\u00e3o das Santas Casas da Bahia Leonardo Matos, o diretor m\u00e9dico da institui\u00e7\u00e3o em Itapetinga Dr. Reinaldo Silva organizaram a a\u00e7\u00e3o com o apoio da equipe de colaboradores da FJS.<\/p>\n<p><a href=\"https:\/\/www.sudoestehoje.com.br\/novoportal\/wp-content\/uploads\/2020\/05\/ALI-2.jpeg\"><img loading=\"lazy\" decoding=\"async\" class=\"aligncenter size-medium wp-image-86786\" src=\"https:\/\/www.sudoestehoje.com.br\/novoportal\/wp-content\/uploads\/2020\/05\/ALI-2-500x330.jpeg\" alt=\"\" width=\"500\" height=\"330\" srcset=\"https:\/\/www.sudoestehoje.com.br\/novoportal\/wp-content\/uploads\/2020\/05\/ALI-2-500x330.jpeg 500w, https:\/\/www.sudoestehoje.com.br\/novoportal\/wp-content\/uploads\/2020\/05\/ALI-2-700x462.jpeg 700w, https:\/\/www.sudoestehoje.com.br\/novoportal\/wp-content\/uploads\/2020\/05\/ALI-2-768x507.jpeg 768w, https:\/\/www.sudoestehoje.com.br\/novoportal\/wp-content\/uploads\/2020\/05\/ALI-2.jpeg 1280w\" sizes=\"auto, (max-width: 500px) 100vw, 500px\" \/><\/a><\/p>\n<p>Para Ana B\u00e1rbara, o momento \u00e9 de gratid\u00e3o, \u201cAgrade\u00e7o a comunidade por utilizar m\u00e1scaras e participar do nosso ato de solidariedade e amor ao pr\u00f3ximo. Nesse momento de Pandemia, continuaremos juntos com a comunidade com servi\u00e7os de sa\u00fade e social\u201d, afirmou.<\/p>\n<p>J\u00e1 Leonardo Matos destacou a a\u00e7\u00e3o e afirmou novas a\u00e7\u00f5es est\u00e3o sendo planejadas. \u201cParabenizo a Funda\u00e7\u00e3o Jos\u00e9 Silveira pelo cuidado com a comunidade itapetinguense, j\u00e1 estamos discutindo junto com a coordenadora Ana B\u00e1rbara e o padrinho das Santas Casas da Bahia, o deputado Ant\u00f4nio Brito, novas a\u00e7\u00f5es que possam beneficiar os nossos irm\u00e3os itapetinguenses\u201d finalizou.<\/p>\n\n\t\t<style type=\"text\/css\">\n\t\t\t#gallery-1 {\n\t\t\t\tmargin: auto;\n\t\t\t}\n\t\t\t#gallery-1 .gallery-item {\n\t\t\t\tfloat: left;\n\t\t\t\tmargin-top: 10px;\n\t\t\t\ttext-align: center;\n\t\t\t\twidth: 33%;\n\t\t\t}\n\t\t\t#gallery-1 img {\n\t\t\t\tborder: 2px solid #cfcfcf;\n\t\t\t}\n\t\t\t#gallery-1 .gallery-caption {\n\t\t\t\tmargin-left: 0;\n\t\t\t}\n\t\t\t\/* see gallery_shortcode() in wp-includes\/media.php *\/\n\t\t<\/style>\n\t\t<div id='gallery-1' class='gallery galleryid-86784 gallery-columns-3 gallery-size-thumbnail'><dl class='gallery-item'>\n\t\t\t<dt class='gallery-icon landscape'>\n\t\t\t\t<a href='https:\/\/www.sudoestehoje.com.br\/novoportal\/2020\/05\/15\/fundacao-jose-silveira-distribui-mais-de-uma-tonelada-de-alimentos-em-itapetinga\/ali-7\/'><img loading=\"lazy\" decoding=\"async\" width=\"150\" height=\"150\" src=\"https:\/\/www.sudoestehoje.com.br\/novoportal\/wp-content\/uploads\/2020\/05\/ALI-7-150x150.jpeg\" class=\"attachment-thumbnail size-thumbnail\" alt=\"\" \/><\/a>\n\t\t\t<\/dt><\/dl><dl class='gallery-item'>\n\t\t\t<dt class='gallery-icon landscape'>\n\t\t\t\t<a href='https:\/\/www.sudoestehoje.com.br\/novoportal\/2020\/05\/15\/fundacao-jose-silveira-distribui-mais-de-uma-tonelada-de-alimentos-em-itapetinga\/ali-4\/'><img loading=\"lazy\" decoding=\"async\" width=\"150\" height=\"150\" src=\"https:\/\/www.sudoestehoje.com.br\/novoportal\/wp-content\/uploads\/2020\/05\/ALI-4-150x150.jpeg\" class=\"attachment-thumbnail size-thumbnail\" alt=\"\" \/><\/a>\n\t\t\t<\/dt><\/dl><dl class='gallery-item'>\n\t\t\t<dt class='gallery-icon landscape'>\n\t\t\t\t<a href='https:\/\/www.sudoestehoje.com.br\/novoportal\/2020\/05\/15\/fundacao-jose-silveira-distribui-mais-de-uma-tonelada-de-alimentos-em-itapetinga\/ali-3-2\/'><img loading=\"lazy\" decoding=\"async\" width=\"150\" height=\"150\" src=\"https:\/\/www.sudoestehoje.com.br\/novoportal\/wp-content\/uploads\/2020\/05\/ALI-3-150x150.jpeg\" class=\"attachment-thumbnail size-thumbnail\" alt=\"\" \/><\/a>\n\t\t\t<\/dt><\/dl><br style=\"clear: both\" \/><dl class='gallery-item'>\n\t\t\t<dt class='gallery-icon landscape'>\n\t\t\t\t<a href='https:\/\/www.sudoestehoje.com.br\/novoportal\/2020\/05\/15\/fundacao-jose-silveira-distribui-mais-de-uma-tonelada-de-alimentos-em-itapetinga\/ali-8\/'><img loading=\"lazy\" decoding=\"async\" width=\"150\" height=\"150\" src=\"https:\/\/www.sudoestehoje.com.br\/novoportal\/wp-content\/uploads\/2020\/05\/ALI-8-150x150.jpeg\" class=\"attachment-thumbnail size-thumbnail\" alt=\"\" \/><\/a>\n\t\t\t<\/dt><\/dl><dl class='gallery-item'>\n\t\t\t<dt class='gallery-icon landscape'>\n\t\t\t\t<a href='https:\/\/www.sudoestehoje.com.br\/novoportal\/2020\/05\/15\/fundacao-jose-silveira-distribui-mais-de-uma-tonelada-de-alimentos-em-itapetinga\/ali-10\/'><img loading=\"lazy\" decoding=\"async\" width=\"150\" height=\"150\" src=\"https:\/\/www.sudoestehoje.com.br\/novoportal\/wp-content\/uploads\/2020\/05\/ALI-10-150x150.jpeg\" class=\"attachment-thumbnail size-thumbnail\" alt=\"\" srcset=\"https:\/\/www.sudoestehoje.com.br\/novoportal\/wp-content\/uploads\/2020\/05\/ALI-10-150x150.jpeg 150w, https:\/\/www.sudoestehoje.com.br\/novoportal\/wp-content\/uploads\/2020\/05\/ALI-10-500x500.jpeg 500w, https:\/\/www.sudoestehoje.com.br\/novoportal\/wp-content\/uploads\/2020\/05\/ALI-10-700x700.jpeg 700w, https:\/\/www.sudoestehoje.com.br\/novoportal\/wp-content\/uploads\/2020\/05\/ALI-10-768x768.jpeg 768w, https:\/\/www.sudoestehoje.com.br\/novoportal\/wp-content\/uploads\/2020\/05\/ALI-10.jpeg 1280w\" sizes=\"auto, (max-width: 150px) 100vw, 150px\" \/><\/a>\n\t\t\t<\/dt><\/dl><dl class='gallery-item'>\n\t\t\t<dt class='gallery-icon landscape'>\n\t\t\t\t<a href='https:\/\/www.sudoestehoje.com.br\/novoportal\/2020\/05\/15\/fundacao-jose-silveira-distribui-mais-de-uma-tonelada-de-alimentos-em-itapetinga\/ali-5\/'><img loading=\"lazy\" decoding=\"async\" width=\"150\" height=\"150\" src=\"https:\/\/www.sudoestehoje.com.br\/novoportal\/wp-content\/uploads\/2020\/05\/ALI-5-150x150.jpeg\" class=\"attachment-thumbnail size-thumbnail\" alt=\"\" \/><\/a>\n\t\t\t<\/dt><\/dl><br style=\"clear: both\" \/>\n\t\t<\/div>\n\n","protected":false},"excerpt":{"rendered":"<p>A Funda\u00e7\u00e3o Jos\u00e9 Silveira distribuiu, nesta sexta-feira (15), mais de uma tonelada de alimentos na Unidade do munic\u00edpio de Itapetinga. O momento contou com um momento de louvor e adora\u00e7\u00e3o com o grupo da Igreja Quadrangular. A a\u00e7\u00e3o de amor e solidariedade ao pr\u00f3ximo contou com a presen\u00e7a de dezenas fam\u00edlias carentes de diversos bairros [&hellip;]<\/p>\n","protected":false},"author":2,"featured_media":86790,"comment_status":"open","ping_status":"open","sticky":false,"template":"","format":"standard","meta":{"footnotes":"","_links_to":"","_links_to_target":""},"categories":[1],"tags":[],"class_list":["post-86784","post","type-post","status-publish","format-standard","has-post-thumbnail","hentry","category-geral"],"views":1057,"_links":{"self":[{"href":"https:\/\/www.sudoestehoje.com.br\/novoportal\/wp-json\/wp\/v2\/posts\/86784","targetHints":{"allow":["GET"]}}],"collection":[{"href":"https:\/\/www.sudoestehoje.com.br\/novoportal\/wp-json\/wp\/v2\/posts"}],"about":[{"href":"https:\/\/www.sudoestehoje.com.br\/novoportal\/wp-json\/wp\/v2\/types\/post"}],"author":[{"embeddable":true,"href":"https:\/\/www.sudoestehoje.com.br\/novoportal\/wp-json\/wp\/v2\/users\/2"}],"replies":[{"embeddable":true,"href":"https:\/\/www.sudoestehoje.com.br\/novoportal\/wp-json\/wp\/v2\/comments?post=86784"}],"version-history":[{"count":1,"href":"https:\/\/www.sudoestehoje.com.br\/novoportal\/wp-json\/wp\/v2\/posts\/86784\/revisions"}],"predecessor-version":[{"id":86796,"href":"https:\/\/www.sudoestehoje.com.br\/novoportal\/wp-json\/wp\/v2\/posts\/86784\/revisions\/86796"}],"wp:featuredmedia":[{"embeddable":true,"href":"https:\/\/www.sudoestehoje.com.br\/novoportal\/wp-json\/wp\/v2\/media\/86790"}],"wp:attachment":[{"href":"https:\/\/www.sudoestehoje.com.br\/novoportal\/wp-json\/wp\/v2\/media?parent=86784"}],"wp:term":[{"taxonomy":"category","embeddable":true,"href":"https:\/\/www.sudoestehoje.com.br\/novoportal\/wp-json\/wp\/v2\/categories?post=86784"},{"taxonomy":"post_tag","embeddable":true,"href":"https:\/\/www.sudoestehoje.com.br\/novoportal\/wp-json\/wp\/v2\/tags?post=86784"}],"curies":[{"name":"wp","href":"https:\/\/api.w.org\/{rel}","templated":true}]}}