
{"id":86778,"date":"2020-05-15T12:21:55","date_gmt":"2020-05-15T15:21:55","guid":{"rendered":"https:\/\/www.sudoestehoje.com.br\/novoportal\/?p=86778"},"modified":"2020-05-15T12:22:04","modified_gmt":"2020-05-15T15:22:04","slug":"ministro-da-saude-pede-demissao-do-cargo","status":"publish","type":"post","link":"https:\/\/www.sudoestehoje.com.br\/novoportal\/2020\/05\/15\/ministro-da-saude-pede-demissao-do-cargo\/","title":{"rendered":"MINISTRO DA SA\u00daDE PEDE DEMISS\u00c3O DO CARGO"},"content":{"rendered":"<p><a href=\"https:\/\/www.sudoestehoje.com.br\/novoportal\/wp-content\/uploads\/2020\/05\/NELSON-TEICH.jpg\"><img loading=\"lazy\" decoding=\"async\" class=\"aligncenter size-medium wp-image-86780\" src=\"https:\/\/www.sudoestehoje.com.br\/novoportal\/wp-content\/uploads\/2020\/05\/NELSON-TEICH-500x333.jpg\" alt=\"\" width=\"500\" height=\"333\" srcset=\"https:\/\/www.sudoestehoje.com.br\/novoportal\/wp-content\/uploads\/2020\/05\/NELSON-TEICH-500x333.jpg 500w, https:\/\/www.sudoestehoje.com.br\/novoportal\/wp-content\/uploads\/2020\/05\/NELSON-TEICH-700x466.jpg 700w, https:\/\/www.sudoestehoje.com.br\/novoportal\/wp-content\/uploads\/2020\/05\/NELSON-TEICH-768x512.jpg 768w, https:\/\/www.sudoestehoje.com.br\/novoportal\/wp-content\/uploads\/2020\/05\/NELSON-TEICH.jpg 1280w\" sizes=\"auto, (max-width: 500px) 100vw, 500px\" \/><\/a><\/p>\n<p>O Minist\u00e9rio da Sa\u00fade divulgou no final da manh\u00e3 desta sexta-feira (15) o pedido de exonera\u00e7\u00e3o do ministro Nelson Teich da pasta. Teich deixa o governo Bolsonaro um m\u00eas ap\u00f3s assumir o cargo no lugar de Luiz Henrique Mandetta.<\/p>\n<p>Teich assumiu o cargo no dia 17 de abril e teve uma passagem marcada por poucas apari\u00e7\u00f5es. Recentemente, Teich alertou para o risco da cloroquina, medicamento que o presidente Jair Bolsonaro\u00a0defende no tratamento do novo coronav\u00edrus. Em entrevista coletiva na \u00faltima quarta (13), Bolsonaro pediu que os ministros estivessem &#8220;afinados&#8221; com os ideais dele.<\/p>\n<p>Outra controv\u00e9rsia entre Teich e Bolsonaro aconteceu na \u00faltima segunda-feira (11), quando o ent\u00e3o ministro soube atrav\u00e9s de jornalistas que o presidente decretou academias, barbearias e sal\u00f5es de beleza com servi\u00e7o essencial (<a href=\"https:\/\/www.bahianoticias.com.br\/noticia\/248201-teich-descobre-por-jornalistas-que-bolsonaro-vai-permitir-abertura-de-academias-e-saloes.html\" target=\"_blank\" rel=\"noopener noreferrer\">leia mais aqui<\/a>).<\/p>\n<p>Nelson Teich vai se pronunciar em entrevista coletiva na tarde desta sexta.<\/p>\n","protected":false},"excerpt":{"rendered":"<p>O Minist\u00e9rio da Sa\u00fade divulgou no final da manh\u00e3 desta sexta-feira (15) o pedido de exonera\u00e7\u00e3o do ministro Nelson Teich da pasta. Teich deixa o governo Bolsonaro um m\u00eas ap\u00f3s assumir o cargo no lugar de Luiz Henrique Mandetta. Teich assumiu o cargo no dia 17 de abril e teve uma passagem marcada por poucas [&hellip;]<\/p>\n","protected":false},"author":2,"featured_media":86780,"comment_status":"open","ping_status":"open","sticky":false,"template":"","format":"standard","meta":{"footnotes":"","_links_to":"","_links_to_target":""},"categories":[1],"tags":[],"class_list":["post-86778","post","type-post","status-publish","format-standard","has-post-thumbnail","hentry","category-geral"],"views":1195,"_links":{"self":[{"href":"https:\/\/www.sudoestehoje.com.br\/novoportal\/wp-json\/wp\/v2\/posts\/86778","targetHints":{"allow":["GET"]}}],"collection":[{"href":"https:\/\/www.sudoestehoje.com.br\/novoportal\/wp-json\/wp\/v2\/posts"}],"about":[{"href":"https:\/\/www.sudoestehoje.com.br\/novoportal\/wp-json\/wp\/v2\/types\/post"}],"author":[{"embeddable":true,"href":"https:\/\/www.sudoestehoje.com.br\/novoportal\/wp-json\/wp\/v2\/users\/2"}],"replies":[{"embeddable":true,"href":"https:\/\/www.sudoestehoje.com.br\/novoportal\/wp-json\/wp\/v2\/comments?post=86778"}],"version-history":[{"count":3,"href":"https:\/\/www.sudoestehoje.com.br\/novoportal\/wp-json\/wp\/v2\/posts\/86778\/revisions"}],"predecessor-version":[{"id":86782,"href":"https:\/\/www.sudoestehoje.com.br\/novoportal\/wp-json\/wp\/v2\/posts\/86778\/revisions\/86782"}],"wp:featuredmedia":[{"embeddable":true,"href":"https:\/\/www.sudoestehoje.com.br\/novoportal\/wp-json\/wp\/v2\/media\/86780"}],"wp:attachment":[{"href":"https:\/\/www.sudoestehoje.com.br\/novoportal\/wp-json\/wp\/v2\/media?parent=86778"}],"wp:term":[{"taxonomy":"category","embeddable":true,"href":"https:\/\/www.sudoestehoje.com.br\/novoportal\/wp-json\/wp\/v2\/categories?post=86778"},{"taxonomy":"post_tag","embeddable":true,"href":"https:\/\/www.sudoestehoje.com.br\/novoportal\/wp-json\/wp\/v2\/tags?post=86778"}],"curies":[{"name":"wp","href":"https:\/\/api.w.org\/{rel}","templated":true}]}}