
{"id":86769,"date":"2020-05-14T20:44:15","date_gmt":"2020-05-14T23:44:15","guid":{"rendered":"https:\/\/www.sudoestehoje.com.br\/novoportal\/?p=86769"},"modified":"2020-05-14T20:44:15","modified_gmt":"2020-05-14T23:44:15","slug":"prefeito-acm-neto-e-vice-bruno-reis-testam-negativo-para-coronavirus","status":"publish","type":"post","link":"https:\/\/www.sudoestehoje.com.br\/novoportal\/2020\/05\/14\/prefeito-acm-neto-e-vice-bruno-reis-testam-negativo-para-coronavirus\/","title":{"rendered":"PREFEITO ACM NETO E VICE BRUNO REIS TESTAM NEGATIVO PARA CORONAV\u00cdRUS"},"content":{"rendered":"<div class=\"mc-column content-text active-extra-styles \" data-block-type=\"unstyled\" data-block-weight=\"24\" data-block-id=\"2\">\n<p data-track-category=\"Link no Texto\" data-track-links=\"\"><a href=\"https:\/\/www.sudoestehoje.com.br\/novoportal\/wp-content\/uploads\/2020\/05\/acmneto.brunorei.entrevista.17.03.jpg\"><img loading=\"lazy\" decoding=\"async\" class=\"aligncenter size-medium wp-image-86771\" src=\"https:\/\/www.sudoestehoje.com.br\/novoportal\/wp-content\/uploads\/2020\/05\/acmneto.brunorei.entrevista.17.03-500x266.jpg\" alt=\"\" width=\"500\" height=\"266\" srcset=\"https:\/\/www.sudoestehoje.com.br\/novoportal\/wp-content\/uploads\/2020\/05\/acmneto.brunorei.entrevista.17.03-500x266.jpg 500w, https:\/\/www.sudoestehoje.com.br\/novoportal\/wp-content\/uploads\/2020\/05\/acmneto.brunorei.entrevista.17.03-700x373.jpg 700w, https:\/\/www.sudoestehoje.com.br\/novoportal\/wp-content\/uploads\/2020\/05\/acmneto.brunorei.entrevista.17.03-768x409.jpg 768w, https:\/\/www.sudoestehoje.com.br\/novoportal\/wp-content\/uploads\/2020\/05\/acmneto.brunorei.entrevista.17.03.jpg 856w\" sizes=\"auto, (max-width: 500px) 100vw, 500px\" \/><\/a><\/p>\n<p class=\"content-text__container \" data-track-category=\"Link no Texto\" data-track-links=\"\">O prefeito ACM Neto e o vice, Bruno Reis, testaram negativo para Covid-19. A informa\u00e7\u00e3o foi divulgada nesta quinta (14) pela Prefeitura de Salvador.<\/p>\n<\/div>\n<div class=\"wall protected-content\">\n<div class=\"mc-column content-text active-extra-styles \" data-block-type=\"unstyled\" data-block-weight=\"50\" data-block-id=\"3\">\n<p class=\"content-text__container \" data-track-category=\"Link no Texto\" data-track-links=\"\">ACM Neto, que\u00a0realizou dois exames, um em um hospital particular e outro no Lacen, foi testado ap\u00f3s um chefe de gabinete do prefeito testar positivo\u00a0para Covid-19 na quarta-feira (13). Kaio Moraes foi o segundo auxiliar do gestor da capital baiana a ter diagn\u00f3stico positivo para coronav\u00edrus nesta semana.<\/p>\n<\/div>\n<div class=\"mc-column content-text active-extra-styles \" data-block-type=\"unstyled\" data-block-weight=\"39\" data-block-id=\"4\">\n<p class=\"content-text__container \" data-track-category=\"Link no Texto\" data-track-links=\"\">Com os resultados negativos, o prefeito retoma a agenda normal de trabalho a partir de segunda-feira (18). O Pal\u00e1cio Thom\u00e9 de Souza estar\u00e1 fechado nesta sexta (15), por causa de uma desinfec\u00e7\u00e3o iniciada na noite desta quinta (14).<\/p>\n<\/div>\n<div class=\"mc-column content-text active-extra-styles \" data-block-type=\"unstyled\" data-block-weight=\"33\" data-block-id=\"5\">\n<p class=\"content-text__container \" data-track-category=\"Link no Texto\" data-track-links=\"\">A fam\u00edlia do prefeito tamb\u00e9m passou por testes para identifica\u00e7\u00e3o da Covid-19, mas n\u00e3o h\u00e1 informa\u00e7\u00f5es sobre os resultados. Esta foi a quarta vez que ACM Neto fez o teste.<\/p>\n<\/div>\n<\/div>\n","protected":false},"excerpt":{"rendered":"<p>O prefeito ACM Neto e o vice, Bruno Reis, testaram negativo para Covid-19. A informa\u00e7\u00e3o foi divulgada nesta quinta (14) pela Prefeitura de Salvador. ACM Neto, que\u00a0realizou dois exames, um em um hospital particular e outro no Lacen, foi testado ap\u00f3s um chefe de gabinete do prefeito testar positivo\u00a0para Covid-19 na quarta-feira (13). Kaio Moraes [&hellip;]<\/p>\n","protected":false},"author":2,"featured_media":86771,"comment_status":"open","ping_status":"open","sticky":false,"template":"","format":"standard","meta":{"footnotes":"","_links_to":"","_links_to_target":""},"categories":[1],"tags":[],"class_list":["post-86769","post","type-post","status-publish","format-standard","has-post-thumbnail","hentry","category-geral"],"views":1205,"_links":{"self":[{"href":"https:\/\/www.sudoestehoje.com.br\/novoportal\/wp-json\/wp\/v2\/posts\/86769","targetHints":{"allow":["GET"]}}],"collection":[{"href":"https:\/\/www.sudoestehoje.com.br\/novoportal\/wp-json\/wp\/v2\/posts"}],"about":[{"href":"https:\/\/www.sudoestehoje.com.br\/novoportal\/wp-json\/wp\/v2\/types\/post"}],"author":[{"embeddable":true,"href":"https:\/\/www.sudoestehoje.com.br\/novoportal\/wp-json\/wp\/v2\/users\/2"}],"replies":[{"embeddable":true,"href":"https:\/\/www.sudoestehoje.com.br\/novoportal\/wp-json\/wp\/v2\/comments?post=86769"}],"version-history":[{"count":1,"href":"https:\/\/www.sudoestehoje.com.br\/novoportal\/wp-json\/wp\/v2\/posts\/86769\/revisions"}],"predecessor-version":[{"id":86772,"href":"https:\/\/www.sudoestehoje.com.br\/novoportal\/wp-json\/wp\/v2\/posts\/86769\/revisions\/86772"}],"wp:featuredmedia":[{"embeddable":true,"href":"https:\/\/www.sudoestehoje.com.br\/novoportal\/wp-json\/wp\/v2\/media\/86771"}],"wp:attachment":[{"href":"https:\/\/www.sudoestehoje.com.br\/novoportal\/wp-json\/wp\/v2\/media?parent=86769"}],"wp:term":[{"taxonomy":"category","embeddable":true,"href":"https:\/\/www.sudoestehoje.com.br\/novoportal\/wp-json\/wp\/v2\/categories?post=86769"},{"taxonomy":"post_tag","embeddable":true,"href":"https:\/\/www.sudoestehoje.com.br\/novoportal\/wp-json\/wp\/v2\/tags?post=86769"}],"curies":[{"name":"wp","href":"https:\/\/api.w.org\/{rel}","templated":true}]}}