
{"id":86766,"date":"2020-05-14T19:14:45","date_gmt":"2020-05-14T22:14:45","guid":{"rendered":"https:\/\/www.sudoestehoje.com.br\/novoportal\/?p=86766"},"modified":"2020-05-14T23:37:47","modified_gmt":"2020-05-15T02:37:47","slug":"depois-da-mascara-populacao-relaxou","status":"publish","type":"post","link":"https:\/\/www.sudoestehoje.com.br\/novoportal\/2020\/05\/14\/depois-da-mascara-populacao-relaxou\/","title":{"rendered":"DEPOIS DA M\u00c1SCARA, POPULA\u00c7\u00c3O RELAXOU"},"content":{"rendered":"<p><span style=\"color: #0000ff;\"><em><strong>OPINI\u00c3O<\/strong><\/em><\/span><\/p>\n<p><a href=\"https:\/\/www.sudoestehoje.com.br\/novoportal\/wp-content\/uploads\/2020\/05\/Mascaras-Prefeitura-3.jpg\"><img loading=\"lazy\" decoding=\"async\" class=\"aligncenter size-medium wp-image-86767\" src=\"https:\/\/www.sudoestehoje.com.br\/novoportal\/wp-content\/uploads\/2020\/05\/Mascaras-Prefeitura-3-500x334.jpg\" alt=\"\" width=\"500\" height=\"334\" srcset=\"https:\/\/www.sudoestehoje.com.br\/novoportal\/wp-content\/uploads\/2020\/05\/Mascaras-Prefeitura-3-500x334.jpg 500w, https:\/\/www.sudoestehoje.com.br\/novoportal\/wp-content\/uploads\/2020\/05\/Mascaras-Prefeitura-3-700x467.jpg 700w, https:\/\/www.sudoestehoje.com.br\/novoportal\/wp-content\/uploads\/2020\/05\/Mascaras-Prefeitura-3-768x512.jpg 768w, https:\/\/www.sudoestehoje.com.br\/novoportal\/wp-content\/uploads\/2020\/05\/Mascaras-Prefeitura-3.jpg 799w\" sizes=\"auto, (max-width: 500px) 100vw, 500px\" \/><\/a><\/p>\n<p>Com o uso generalizado da m\u00e1scara, parece que a popula\u00e7\u00e3o perdeu o medo do Coronav\u00edrus e relaxou. Achando que o uso da m\u00e1scara resolve o problema, pessoas est\u00e3o saindo mais do que o necess\u00e1rio e formando perigosas aglomera\u00e7\u00f5es nas ruas e outros locais p\u00fablicos. \u00c9 bom lembrar que o v\u00edrus tamb\u00e9m \u00e9 transmitido por contato e isto a m\u00e1scara n\u00e3o resolve.<\/p>\n<p>\u00c9 O FIM DA PANDEMIA?<\/p>\n<p>As d\u00favidas sobre quando a pandemia do novo\u00a0<strong>coronav\u00edrus<\/strong>\u00a0e o\u00a0<strong>isolamento social<\/strong>\u00a0ir\u00e3o acabar s\u00e3o cada vez mais presentes e inquietantes. Segundo historiadores, geralmente, as pandemias costumam ter dois finais: um definido pela pr\u00f3pria Medicina, quando a incid\u00eancia da doen\u00e7a cai e o n\u00famero de mortes diminui. E outro social, marcado pelo momento em que, passado o p\u00e2nico inicial, as pessoas se acalmam e aprendem a conviver com a enfermidade.<\/p>\n<p>Foi assim com a dengue, a tuberculose o sarampo e a gripe H1N1, que continuam circulando em todo o mundo, mas que as pessoas aprenderam a conviver e morrer com elas.<\/p>\n<p><strong><em>Por Davi Ferraz<\/em><\/strong><\/p>\n","protected":false},"excerpt":{"rendered":"<p>OPINI\u00c3O Com o uso generalizado da m\u00e1scara, parece que a popula\u00e7\u00e3o perdeu o medo do Coronav\u00edrus e relaxou. Achando que o uso da m\u00e1scara resolve o problema, pessoas est\u00e3o saindo mais do que o necess\u00e1rio e formando perigosas aglomera\u00e7\u00f5es nas ruas e outros locais p\u00fablicos. \u00c9 bom lembrar que o v\u00edrus tamb\u00e9m \u00e9 transmitido por [&hellip;]<\/p>\n","protected":false},"author":2,"featured_media":86767,"comment_status":"open","ping_status":"open","sticky":false,"template":"","format":"standard","meta":{"footnotes":"","_links_to":"","_links_to_target":""},"categories":[1],"tags":[],"class_list":["post-86766","post","type-post","status-publish","format-standard","has-post-thumbnail","hentry","category-geral"],"views":1034,"_links":{"self":[{"href":"https:\/\/www.sudoestehoje.com.br\/novoportal\/wp-json\/wp\/v2\/posts\/86766","targetHints":{"allow":["GET"]}}],"collection":[{"href":"https:\/\/www.sudoestehoje.com.br\/novoportal\/wp-json\/wp\/v2\/posts"}],"about":[{"href":"https:\/\/www.sudoestehoje.com.br\/novoportal\/wp-json\/wp\/v2\/types\/post"}],"author":[{"embeddable":true,"href":"https:\/\/www.sudoestehoje.com.br\/novoportal\/wp-json\/wp\/v2\/users\/2"}],"replies":[{"embeddable":true,"href":"https:\/\/www.sudoestehoje.com.br\/novoportal\/wp-json\/wp\/v2\/comments?post=86766"}],"version-history":[{"count":2,"href":"https:\/\/www.sudoestehoje.com.br\/novoportal\/wp-json\/wp\/v2\/posts\/86766\/revisions"}],"predecessor-version":[{"id":86773,"href":"https:\/\/www.sudoestehoje.com.br\/novoportal\/wp-json\/wp\/v2\/posts\/86766\/revisions\/86773"}],"wp:featuredmedia":[{"embeddable":true,"href":"https:\/\/www.sudoestehoje.com.br\/novoportal\/wp-json\/wp\/v2\/media\/86767"}],"wp:attachment":[{"href":"https:\/\/www.sudoestehoje.com.br\/novoportal\/wp-json\/wp\/v2\/media?parent=86766"}],"wp:term":[{"taxonomy":"category","embeddable":true,"href":"https:\/\/www.sudoestehoje.com.br\/novoportal\/wp-json\/wp\/v2\/categories?post=86766"},{"taxonomy":"post_tag","embeddable":true,"href":"https:\/\/www.sudoestehoje.com.br\/novoportal\/wp-json\/wp\/v2\/tags?post=86766"}],"curies":[{"name":"wp","href":"https:\/\/api.w.org\/{rel}","templated":true}]}}