
{"id":86748,"date":"2020-05-13T21:48:41","date_gmt":"2020-05-14T00:48:41","guid":{"rendered":"https:\/\/www.sudoestehoje.com.br\/novoportal\/?p=86748"},"modified":"2020-05-13T21:58:19","modified_gmt":"2020-05-14T00:58:19","slug":"acm-neto-ficara-isolado-apos-chefe-de-gabinete-testar-positivo-para-coronavirus","status":"publish","type":"post","link":"https:\/\/www.sudoestehoje.com.br\/novoportal\/2020\/05\/13\/acm-neto-ficara-isolado-apos-chefe-de-gabinete-testar-positivo-para-coronavirus\/","title":{"rendered":"ACM NETO FICAR\u00c1 ISOLADO AP\u00d3S CHEFE DE GABINETE TESTAR POSITIVO PARA CORONAV\u00cdRUS"},"content":{"rendered":"<p><a href=\"https:\/\/www.sudoestehoje.com.br\/novoportal\/wp-content\/uploads\/2020\/05\/CAIO-E-NETO.jpg\"><img loading=\"lazy\" decoding=\"async\" class=\"aligncenter size-medium wp-image-86751\" src=\"https:\/\/www.sudoestehoje.com.br\/novoportal\/wp-content\/uploads\/2020\/05\/CAIO-E-NETO-500x260.jpg\" alt=\"\" width=\"500\" height=\"260\" srcset=\"https:\/\/www.sudoestehoje.com.br\/novoportal\/wp-content\/uploads\/2020\/05\/CAIO-E-NETO-500x260.jpg 500w, https:\/\/www.sudoestehoje.com.br\/novoportal\/wp-content\/uploads\/2020\/05\/CAIO-E-NETO.jpg 540w\" sizes=\"auto, (max-width: 500px) 100vw, 500px\" \/><\/a><\/p>\n<p>O prefeito de Salvador ACM Neto anunciou nesta quarta-feira (13) que vai ficar em isolamento ap\u00f3s o chefe do gabinete da prefeitura testar positivo para o novo coronav\u00edrus. &#8220;Hoje, ao saber que o meu chefe de Gabinete, Kaio Moraes, pessoa que trabalha diretamente comigo, testou positivo para o coronav\u00edrus, suspendi a minha agenda na Prefeitura, nos eventos de rua e ficarei trabalhando de casa&#8221;.<\/p>\n<p>ACM Neto anunciou que se submeteu ao teste para covid-19 e que, at\u00e9 sair o resultado, continuar\u00e1 trabalhando de casa. &#8220;Fiz o teste hoje \u00e0 noite, estou sem nenhum sintoma, mas decidi ficar trabalhando em isolamento at\u00e9 que saia o resultado. Desta forma, cumpro o protocolo exigido nesses casos. Determinei que toda a equipe do Gabinete tamb\u00e9m seja testada.&#8221;<\/p>\n<p>Este \u00e9 o segundo auxiliar do prefeito a ser diagnosticado com covid-19 nesta semana. Na \u00faltima ter\u00e7a-feira, o subchefe de gabinete, Matheus Sim\u00f5es, tamb\u00e9m testou positivo. <em>\/\/Correio<\/em><\/p>\n","protected":false},"excerpt":{"rendered":"<p>O prefeito de Salvador ACM Neto anunciou nesta quarta-feira (13) que vai ficar em isolamento ap\u00f3s o chefe do gabinete da prefeitura testar positivo para o novo coronav\u00edrus. &#8220;Hoje, ao saber que o meu chefe de Gabinete, Kaio Moraes, pessoa que trabalha diretamente comigo, testou positivo para o coronav\u00edrus, suspendi a minha agenda na Prefeitura, [&hellip;]<\/p>\n","protected":false},"author":2,"featured_media":86749,"comment_status":"open","ping_status":"open","sticky":false,"template":"","format":"standard","meta":{"footnotes":"","_links_to":"","_links_to_target":""},"categories":[1],"tags":[],"class_list":["post-86748","post","type-post","status-publish","format-standard","has-post-thumbnail","hentry","category-geral"],"views":1889,"_links":{"self":[{"href":"https:\/\/www.sudoestehoje.com.br\/novoportal\/wp-json\/wp\/v2\/posts\/86748","targetHints":{"allow":["GET"]}}],"collection":[{"href":"https:\/\/www.sudoestehoje.com.br\/novoportal\/wp-json\/wp\/v2\/posts"}],"about":[{"href":"https:\/\/www.sudoestehoje.com.br\/novoportal\/wp-json\/wp\/v2\/types\/post"}],"author":[{"embeddable":true,"href":"https:\/\/www.sudoestehoje.com.br\/novoportal\/wp-json\/wp\/v2\/users\/2"}],"replies":[{"embeddable":true,"href":"https:\/\/www.sudoestehoje.com.br\/novoportal\/wp-json\/wp\/v2\/comments?post=86748"}],"version-history":[{"count":2,"href":"https:\/\/www.sudoestehoje.com.br\/novoportal\/wp-json\/wp\/v2\/posts\/86748\/revisions"}],"predecessor-version":[{"id":86752,"href":"https:\/\/www.sudoestehoje.com.br\/novoportal\/wp-json\/wp\/v2\/posts\/86748\/revisions\/86752"}],"wp:featuredmedia":[{"embeddable":true,"href":"https:\/\/www.sudoestehoje.com.br\/novoportal\/wp-json\/wp\/v2\/media\/86749"}],"wp:attachment":[{"href":"https:\/\/www.sudoestehoje.com.br\/novoportal\/wp-json\/wp\/v2\/media?parent=86748"}],"wp:term":[{"taxonomy":"category","embeddable":true,"href":"https:\/\/www.sudoestehoje.com.br\/novoportal\/wp-json\/wp\/v2\/categories?post=86748"},{"taxonomy":"post_tag","embeddable":true,"href":"https:\/\/www.sudoestehoje.com.br\/novoportal\/wp-json\/wp\/v2\/tags?post=86748"}],"curies":[{"name":"wp","href":"https:\/\/api.w.org\/{rel}","templated":true}]}}