
{"id":86743,"date":"2020-05-13T19:36:50","date_gmt":"2020-05-13T22:36:50","guid":{"rendered":"https:\/\/www.sudoestehoje.com.br\/novoportal\/?p=86743"},"modified":"2020-05-13T19:36:50","modified_gmt":"2020-05-13T22:36:50","slug":"regiao-mulher-de-itarantim-morre-no-hgvc-e-testa-positivo-para-covid-19","status":"publish","type":"post","link":"https:\/\/www.sudoestehoje.com.br\/novoportal\/2020\/05\/13\/regiao-mulher-de-itarantim-morre-no-hgvc-e-testa-positivo-para-covid-19\/","title":{"rendered":"REGI\u00c3O: MULHER DE ITARANTIM MORRE NO HGVC E TESTA POSITIVO PARA COVID-19"},"content":{"rendered":"<p><a href=\"https:\/\/www.sudoestehoje.com.br\/novoportal\/wp-content\/uploads\/2020\/05\/itarantim-500x285-1.jpg\"><img loading=\"lazy\" decoding=\"async\" class=\"aligncenter size-full wp-image-86744\" src=\"https:\/\/www.sudoestehoje.com.br\/novoportal\/wp-content\/uploads\/2020\/05\/itarantim-500x285-1.jpg\" alt=\"\" width=\"500\" height=\"285\" \/><\/a><\/p>\n<p>Uma mulher de 63 anos, moradora de Itarantim, que faleceu no Hospital Geral de Vit\u00f3ria da Conquista (HGVC), na \u00faltima segunda-feira, testou positivo para o Coronav\u00edrus, atrav\u00e9s de teste realizado pelo Lacen, na capital do estado. O resultado foi divulgado na tarde desta quarta-feira (13), pela Secretaria Municipal de Sa\u00fade de Itarantim.<\/p>\n<p>A paciente deu entrada no Hospital Regional de Itarantim com sinais cl\u00ednicos de s\u00edndrome respirat\u00f3ria, sendo transferida para o HGVC de Conquista, mas acabou evoluindo para \u00f3bito, com suspeita de Covid-19. Realizada a coleta da amostra, o material foi enviado ao Lacen, que confirmou o resultado positivo para a Covid-19.<\/p>\n<p>Assim, Itarantim registra seu segundo caso confirmado de Coronav\u00edrus e seu primeiro \u00f3bito.<\/p>\n","protected":false},"excerpt":{"rendered":"<p>Uma mulher de 63 anos, moradora de Itarantim, que faleceu no Hospital Geral de Vit\u00f3ria da Conquista (HGVC), na \u00faltima segunda-feira, testou positivo para o Coronav\u00edrus, atrav\u00e9s de teste realizado pelo Lacen, na capital do estado. O resultado foi divulgado na tarde desta quarta-feira (13), pela Secretaria Municipal de Sa\u00fade de Itarantim. A paciente deu [&hellip;]<\/p>\n","protected":false},"author":2,"featured_media":86744,"comment_status":"open","ping_status":"open","sticky":false,"template":"","format":"standard","meta":{"footnotes":"","_links_to":"","_links_to_target":""},"categories":[1],"tags":[],"class_list":["post-86743","post","type-post","status-publish","format-standard","has-post-thumbnail","hentry","category-geral"],"views":1180,"_links":{"self":[{"href":"https:\/\/www.sudoestehoje.com.br\/novoportal\/wp-json\/wp\/v2\/posts\/86743","targetHints":{"allow":["GET"]}}],"collection":[{"href":"https:\/\/www.sudoestehoje.com.br\/novoportal\/wp-json\/wp\/v2\/posts"}],"about":[{"href":"https:\/\/www.sudoestehoje.com.br\/novoportal\/wp-json\/wp\/v2\/types\/post"}],"author":[{"embeddable":true,"href":"https:\/\/www.sudoestehoje.com.br\/novoportal\/wp-json\/wp\/v2\/users\/2"}],"replies":[{"embeddable":true,"href":"https:\/\/www.sudoestehoje.com.br\/novoportal\/wp-json\/wp\/v2\/comments?post=86743"}],"version-history":[{"count":3,"href":"https:\/\/www.sudoestehoje.com.br\/novoportal\/wp-json\/wp\/v2\/posts\/86743\/revisions"}],"predecessor-version":[{"id":86747,"href":"https:\/\/www.sudoestehoje.com.br\/novoportal\/wp-json\/wp\/v2\/posts\/86743\/revisions\/86747"}],"wp:featuredmedia":[{"embeddable":true,"href":"https:\/\/www.sudoestehoje.com.br\/novoportal\/wp-json\/wp\/v2\/media\/86744"}],"wp:attachment":[{"href":"https:\/\/www.sudoestehoje.com.br\/novoportal\/wp-json\/wp\/v2\/media?parent=86743"}],"wp:term":[{"taxonomy":"category","embeddable":true,"href":"https:\/\/www.sudoestehoje.com.br\/novoportal\/wp-json\/wp\/v2\/categories?post=86743"},{"taxonomy":"post_tag","embeddable":true,"href":"https:\/\/www.sudoestehoje.com.br\/novoportal\/wp-json\/wp\/v2\/tags?post=86743"}],"curies":[{"name":"wp","href":"https:\/\/api.w.org\/{rel}","templated":true}]}}