
{"id":86740,"date":"2020-05-13T17:43:23","date_gmt":"2020-05-13T20:43:23","guid":{"rendered":"https:\/\/www.sudoestehoje.com.br\/novoportal\/?p=86740"},"modified":"2020-05-13T17:43:34","modified_gmt":"2020-05-13T20:43:34","slug":"estado-sem-grana-pra-pagar-salarios","status":"publish","type":"post","link":"https:\/\/www.sudoestehoje.com.br\/novoportal\/2020\/05\/13\/estado-sem-grana-pra-pagar-salarios\/","title":{"rendered":"ESTADO SEM GRANA PRA PAGAR SAL\u00c1RIOS"},"content":{"rendered":"<div id=\"attachment_49889\" class=\"wp-caption aligncenter\" style=\"width: 233px;\">\n<p id=\"caption-attachment-49889\" class=\"wp-caption-text\"><a href=\"https:\/\/www.sudoestehoje.com.br\/novoportal\/wp-content\/uploads\/2020\/05\/SERVIDOR.jpg\"><img loading=\"lazy\" decoding=\"async\" class=\"aligncenter wp-image-86741\" src=\"https:\/\/www.sudoestehoje.com.br\/novoportal\/wp-content\/uploads\/2020\/05\/SERVIDOR-500x434.jpg\" alt=\"\" width=\"233\" height=\"202\" srcset=\"https:\/\/www.sudoestehoje.com.br\/novoportal\/wp-content\/uploads\/2020\/05\/SERVIDOR-500x434.jpg 500w, https:\/\/www.sudoestehoje.com.br\/novoportal\/wp-content\/uploads\/2020\/05\/SERVIDOR.jpg 692w\" sizes=\"auto, (max-width: 233px) 100vw, 233px\" \/><\/a><\/p>\n<\/div>\n<p>Os servidores p\u00fablicos do estado continuam sob o risco de n\u00e3o serem pagos nos pr\u00f3ximos meses. Ap\u00f3s o governador falar sobre o assunto nas \u00faltimas semanas, agora foi o secret\u00e1rio da Fazenda, Manoel Vit\u00f3rio, que sinalizou o risco, durante entrevista para o programa<em> Isso \u00e9 Bahia<\/em>, da R\u00e1dio A Tarde FM, e para o <em>Bahia Not\u00edcias<\/em>, nesta quarta-feira (13).\u00a0\u201cO risco existe se a situa\u00e7\u00e3o n\u00e3o continuar controlada como ela est\u00e1 no momento\u201d, afirmou o secret\u00e1rio. Comprando respiradores por 180 mil e m\u00e1scaras por 16 reais s\u00f3 pode estar descontrolado mesmo!<\/p>\n","protected":false},"excerpt":{"rendered":"<p>Os servidores p\u00fablicos do estado continuam sob o risco de n\u00e3o serem pagos nos pr\u00f3ximos meses. Ap\u00f3s o governador falar sobre o assunto nas \u00faltimas semanas, agora foi o secret\u00e1rio da Fazenda, Manoel Vit\u00f3rio, que sinalizou o risco, durante entrevista para o programa Isso \u00e9 Bahia, da R\u00e1dio A Tarde FM, e para o Bahia [&hellip;]<\/p>\n","protected":false},"author":2,"featured_media":86741,"comment_status":"open","ping_status":"open","sticky":false,"template":"","format":"standard","meta":{"footnotes":"","_links_to":"","_links_to_target":""},"categories":[11],"tags":[],"class_list":["post-86740","post","type-post","status-publish","format-standard","has-post-thumbnail","hentry","category-quentinhas"],"views":1838,"_links":{"self":[{"href":"https:\/\/www.sudoestehoje.com.br\/novoportal\/wp-json\/wp\/v2\/posts\/86740","targetHints":{"allow":["GET"]}}],"collection":[{"href":"https:\/\/www.sudoestehoje.com.br\/novoportal\/wp-json\/wp\/v2\/posts"}],"about":[{"href":"https:\/\/www.sudoestehoje.com.br\/novoportal\/wp-json\/wp\/v2\/types\/post"}],"author":[{"embeddable":true,"href":"https:\/\/www.sudoestehoje.com.br\/novoportal\/wp-json\/wp\/v2\/users\/2"}],"replies":[{"embeddable":true,"href":"https:\/\/www.sudoestehoje.com.br\/novoportal\/wp-json\/wp\/v2\/comments?post=86740"}],"version-history":[{"count":1,"href":"https:\/\/www.sudoestehoje.com.br\/novoportal\/wp-json\/wp\/v2\/posts\/86740\/revisions"}],"predecessor-version":[{"id":86742,"href":"https:\/\/www.sudoestehoje.com.br\/novoportal\/wp-json\/wp\/v2\/posts\/86740\/revisions\/86742"}],"wp:featuredmedia":[{"embeddable":true,"href":"https:\/\/www.sudoestehoje.com.br\/novoportal\/wp-json\/wp\/v2\/media\/86741"}],"wp:attachment":[{"href":"https:\/\/www.sudoestehoje.com.br\/novoportal\/wp-json\/wp\/v2\/media?parent=86740"}],"wp:term":[{"taxonomy":"category","embeddable":true,"href":"https:\/\/www.sudoestehoje.com.br\/novoportal\/wp-json\/wp\/v2\/categories?post=86740"},{"taxonomy":"post_tag","embeddable":true,"href":"https:\/\/www.sudoestehoje.com.br\/novoportal\/wp-json\/wp\/v2\/tags?post=86740"}],"curies":[{"name":"wp","href":"https:\/\/api.w.org\/{rel}","templated":true}]}}