
{"id":86729,"date":"2020-05-12T17:34:31","date_gmt":"2020-05-12T20:34:31","guid":{"rendered":"https:\/\/www.sudoestehoje.com.br\/novoportal\/?p=86729"},"modified":"2020-05-12T18:04:59","modified_gmt":"2020-05-12T21:04:59","slug":"justica-da-72-horas-para-rui-costa-explicar-transferencias-de-pacientes-com-covid-19-do-sul-da-bahia-para-conquista","status":"publish","type":"post","link":"https:\/\/www.sudoestehoje.com.br\/novoportal\/2020\/05\/12\/justica-da-72-horas-para-rui-costa-explicar-transferencias-de-pacientes-com-covid-19-do-sul-da-bahia-para-conquista\/","title":{"rendered":"JUSTI\u00c7A D\u00c1 72 HORAS PARA RUI COSTA EXPLICAR TRANSFER\u00caNCIAS DE PACIENTES COM COVID-19 DO SUL DA BAHIA PARA CONQUISTA"},"content":{"rendered":"<p><a href=\"https:\/\/www.sudoestehoje.com.br\/novoportal\/wp-content\/uploads\/2020\/05\/HCCCC-1.jpg\"><img loading=\"lazy\" decoding=\"async\" class=\"aligncenter size-full wp-image-86733\" src=\"https:\/\/www.sudoestehoje.com.br\/novoportal\/wp-content\/uploads\/2020\/05\/HCCCC-1.jpg\" alt=\"\" width=\"500\" height=\"330\" \/><\/a><\/p>\n<p>Em uma a\u00e7\u00e3o movida por um vereador conquistense, a justi\u00e7a estipulou o prazo de 72 horas para que o governador Rui Costa apresente explica\u00e7\u00f5es a respeito da transfer\u00eancia de pacientes com Coronav\u00edrus de Itabuna, Ilh\u00e9us e outras cidades do sul da Bahia, para o Hospital de Cl\u00ednicas de Vit\u00f3ria da Conquista &#8211; HCC.<\/p>\n<p>A transfer\u00eancia de pacientes do sul da Bahia para Conquista chegou a ser divulgada pela m\u00eddia regional, ap\u00f3s den\u00fancia do prefeito Herzem Gusm\u00e3o, mas o governador Rui Costa e seu secret\u00e1rio de sa\u00fade disseram tratar-se de Fake News.<\/p>\n<p>Entretanto, novas evid\u00eancias demonstraram que as transfer\u00eancias t\u00eam acontecido de fato, com pacientes em estado grave ocupando leitos cl\u00ednicos e de UTI no HCC de Vit\u00f3ria da Conquista, motivando uma a\u00e7\u00e3o judicial movida pelo vereador.<\/p>\n<p>A transfer\u00eancia de pacientes do SUS, de uma localidade para outra, atrav\u00e9s de regula\u00e7\u00e3o, \u00e9 legal e necess\u00e1ria, quando h\u00e1 insufici\u00eancia de leitos na localidade de origem.\u00a0No caso do Covid-19, ent\u00e3o, vale qualquer sacrif\u00edcio, mesmo com desgaste para o governo.<\/p>\n<p>Bastava que Rui e seu secret\u00e1rio tivessem dito a verdade para a popula\u00e7\u00e3o de Conquista.<\/p>\n<p><strong><em>Por Davi Ferraz\u00a0<\/em><\/strong><\/p>\n","protected":false},"excerpt":{"rendered":"<p>Em uma a\u00e7\u00e3o movida por um vereador conquistense, a justi\u00e7a estipulou o prazo de 72 horas para que o governador Rui Costa apresente explica\u00e7\u00f5es a respeito da transfer\u00eancia de pacientes com Coronav\u00edrus de Itabuna, Ilh\u00e9us e outras cidades do sul da Bahia, para o Hospital de Cl\u00ednicas de Vit\u00f3ria da Conquista &#8211; HCC. A transfer\u00eancia [&hellip;]<\/p>\n","protected":false},"author":2,"featured_media":86733,"comment_status":"open","ping_status":"open","sticky":false,"template":"","format":"standard","meta":{"footnotes":"","_links_to":"","_links_to_target":""},"categories":[1],"tags":[],"class_list":["post-86729","post","type-post","status-publish","format-standard","has-post-thumbnail","hentry","category-geral"],"views":1696,"_links":{"self":[{"href":"https:\/\/www.sudoestehoje.com.br\/novoportal\/wp-json\/wp\/v2\/posts\/86729","targetHints":{"allow":["GET"]}}],"collection":[{"href":"https:\/\/www.sudoestehoje.com.br\/novoportal\/wp-json\/wp\/v2\/posts"}],"about":[{"href":"https:\/\/www.sudoestehoje.com.br\/novoportal\/wp-json\/wp\/v2\/types\/post"}],"author":[{"embeddable":true,"href":"https:\/\/www.sudoestehoje.com.br\/novoportal\/wp-json\/wp\/v2\/users\/2"}],"replies":[{"embeddable":true,"href":"https:\/\/www.sudoestehoje.com.br\/novoportal\/wp-json\/wp\/v2\/comments?post=86729"}],"version-history":[{"count":5,"href":"https:\/\/www.sudoestehoje.com.br\/novoportal\/wp-json\/wp\/v2\/posts\/86729\/revisions"}],"predecessor-version":[{"id":86735,"href":"https:\/\/www.sudoestehoje.com.br\/novoportal\/wp-json\/wp\/v2\/posts\/86729\/revisions\/86735"}],"wp:featuredmedia":[{"embeddable":true,"href":"https:\/\/www.sudoestehoje.com.br\/novoportal\/wp-json\/wp\/v2\/media\/86733"}],"wp:attachment":[{"href":"https:\/\/www.sudoestehoje.com.br\/novoportal\/wp-json\/wp\/v2\/media?parent=86729"}],"wp:term":[{"taxonomy":"category","embeddable":true,"href":"https:\/\/www.sudoestehoje.com.br\/novoportal\/wp-json\/wp\/v2\/categories?post=86729"},{"taxonomy":"post_tag","embeddable":true,"href":"https:\/\/www.sudoestehoje.com.br\/novoportal\/wp-json\/wp\/v2\/tags?post=86729"}],"curies":[{"name":"wp","href":"https:\/\/api.w.org\/{rel}","templated":true}]}}