
{"id":86717,"date":"2020-05-11T22:42:13","date_gmt":"2020-05-12T01:42:13","guid":{"rendered":"https:\/\/www.sudoestehoje.com.br\/novoportal\/?p=86717"},"modified":"2020-05-11T22:46:14","modified_gmt":"2020-05-12T01:46:14","slug":"so-estao-garantidos-os-salarios-de-maio-e-junho-segundo-rui-costa","status":"publish","type":"post","link":"https:\/\/www.sudoestehoje.com.br\/novoportal\/2020\/05\/11\/so-estao-garantidos-os-salarios-de-maio-e-junho-segundo-rui-costa\/","title":{"rendered":"S\u00d3 EST\u00c3O GARANTIDOS OS SAL\u00c1RIOS DE MAIO E JUNHO, SEGUNDO RUI COSTA"},"content":{"rendered":"<p><a href=\"https:\/\/www.sudoestehoje.com.br\/novoportal\/wp-content\/uploads\/2020\/05\/rui-costa-Foto-Camila-Souza-GOVBA.jpg\"><img loading=\"lazy\" decoding=\"async\" class=\"aligncenter size-full wp-image-86718\" src=\"https:\/\/www.sudoestehoje.com.br\/novoportal\/wp-content\/uploads\/2020\/05\/rui-costa-Foto-Camila-Souza-GOVBA.jpg\" alt=\"\" width=\"500\" height=\"300\" \/><\/a><\/p>\n<p>O governador Rui Costa (PT), afirmou nesta segunda-feira, 11, que as finan\u00e7as da Bahia est\u00e3o na UTI<span id=\"more-459833\"><\/span>, \u201crespirando com ajuda de aparelhos\u201d. Ele declarou que os pagamentos dos sal\u00e1rios dos servidores estaduais dos meses de maio e junho est\u00e3o garantidos, mas disse n\u00e3o saber como ser\u00e1 no futuro.<\/p>\n<p><em>\u201cEu aprendi a ser transparente com minha fam\u00edlia e minha rela\u00e7\u00e3o com a popula\u00e7\u00e3o \u00e9 sincera. Hoje n\u00f3s temos condi\u00e7\u00f5es de pagar os pr\u00f3ximos dois meses, maio e junho, mas n\u00e3o sei o futuro. Ent\u00e3o, pe\u00e7o que os servidores n\u00e3o fa\u00e7am d\u00edvidas. N\u00f3s continuaremos trabalhando para evitar essa situa\u00e7\u00e3o de n\u00e3o poder pagar, mas eu n\u00e3o tenho bola de cristal. N\u00e3o sei como vai ser no futuro\u201d,<\/em> disse em entrevista nas r\u00e1dios Sociedade News e Princesa FM, em Feira de Santana, no centro-norte baiano.<\/p>\n<p>Nesta ter\u00e7a (12), a Assembl\u00e9ia Legislativa vota, a pedido de Rui Costa, o fim do Abono Perman\u00eancia aos servidores e outros cortes dever\u00e3o acontecer nos pr\u00f3ximos meses.<\/p>\n<p>H\u00e1 mais de 5 anos n\u00e3o houve nenhum reajuste nos sal\u00e1rios dos servidores do Estado da Bahia.<\/p>\n","protected":false},"excerpt":{"rendered":"<p>O governador Rui Costa (PT), afirmou nesta segunda-feira, 11, que as finan\u00e7as da Bahia est\u00e3o na UTI, \u201crespirando com ajuda de aparelhos\u201d. Ele declarou que os pagamentos dos sal\u00e1rios dos servidores estaduais dos meses de maio e junho est\u00e3o garantidos, mas disse n\u00e3o saber como ser\u00e1 no futuro. \u201cEu aprendi a ser transparente com minha [&hellip;]<\/p>\n","protected":false},"author":2,"featured_media":86718,"comment_status":"open","ping_status":"open","sticky":false,"template":"","format":"standard","meta":{"footnotes":"","_links_to":"","_links_to_target":""},"categories":[1],"tags":[],"class_list":["post-86717","post","type-post","status-publish","format-standard","has-post-thumbnail","hentry","category-geral"],"views":2406,"_links":{"self":[{"href":"https:\/\/www.sudoestehoje.com.br\/novoportal\/wp-json\/wp\/v2\/posts\/86717","targetHints":{"allow":["GET"]}}],"collection":[{"href":"https:\/\/www.sudoestehoje.com.br\/novoportal\/wp-json\/wp\/v2\/posts"}],"about":[{"href":"https:\/\/www.sudoestehoje.com.br\/novoportal\/wp-json\/wp\/v2\/types\/post"}],"author":[{"embeddable":true,"href":"https:\/\/www.sudoestehoje.com.br\/novoportal\/wp-json\/wp\/v2\/users\/2"}],"replies":[{"embeddable":true,"href":"https:\/\/www.sudoestehoje.com.br\/novoportal\/wp-json\/wp\/v2\/comments?post=86717"}],"version-history":[{"count":2,"href":"https:\/\/www.sudoestehoje.com.br\/novoportal\/wp-json\/wp\/v2\/posts\/86717\/revisions"}],"predecessor-version":[{"id":86720,"href":"https:\/\/www.sudoestehoje.com.br\/novoportal\/wp-json\/wp\/v2\/posts\/86717\/revisions\/86720"}],"wp:featuredmedia":[{"embeddable":true,"href":"https:\/\/www.sudoestehoje.com.br\/novoportal\/wp-json\/wp\/v2\/media\/86718"}],"wp:attachment":[{"href":"https:\/\/www.sudoestehoje.com.br\/novoportal\/wp-json\/wp\/v2\/media?parent=86717"}],"wp:term":[{"taxonomy":"category","embeddable":true,"href":"https:\/\/www.sudoestehoje.com.br\/novoportal\/wp-json\/wp\/v2\/categories?post=86717"},{"taxonomy":"post_tag","embeddable":true,"href":"https:\/\/www.sudoestehoje.com.br\/novoportal\/wp-json\/wp\/v2\/tags?post=86717"}],"curies":[{"name":"wp","href":"https:\/\/api.w.org\/{rel}","templated":true}]}}