
{"id":86712,"date":"2020-05-11T22:05:11","date_gmt":"2020-05-12T01:05:11","guid":{"rendered":"https:\/\/www.sudoestehoje.com.br\/novoportal\/?p=86712"},"modified":"2020-05-11T22:05:11","modified_gmt":"2020-05-12T01:05:11","slug":"frigorifico-de-conquista-vai-abater-jumentos-para-atender-demanda-chinesa","status":"publish","type":"post","link":"https:\/\/www.sudoestehoje.com.br\/novoportal\/2020\/05\/11\/frigorifico-de-conquista-vai-abater-jumentos-para-atender-demanda-chinesa\/","title":{"rendered":"FRIGOR\u00cdFICO DE CONQUISTA VAI ABATER JUMENTOS PARA ATENDER DEMANDA CHINESA"},"content":{"rendered":"<div><a href=\"https:\/\/www.sudoestehoje.com.br\/novoportal\/wp-content\/uploads\/2020\/05\/jumentos.jpg\"><img loading=\"lazy\" decoding=\"async\" class=\"aligncenter size-medium wp-image-86715\" src=\"https:\/\/www.sudoestehoje.com.br\/novoportal\/wp-content\/uploads\/2020\/05\/jumentos-500x311.jpg\" alt=\"\" width=\"500\" height=\"311\" srcset=\"https:\/\/www.sudoestehoje.com.br\/novoportal\/wp-content\/uploads\/2020\/05\/jumentos-500x311.jpg 500w, https:\/\/www.sudoestehoje.com.br\/novoportal\/wp-content\/uploads\/2020\/05\/jumentos-700x436.jpg 700w, https:\/\/www.sudoestehoje.com.br\/novoportal\/wp-content\/uploads\/2020\/05\/jumentos-768x478.jpg 768w, https:\/\/www.sudoestehoje.com.br\/novoportal\/wp-content\/uploads\/2020\/05\/jumentos.jpg 940w\" sizes=\"auto, (max-width: 500px) 100vw, 500px\" \/><\/a><\/div>\n<div>De acordo com informa\u00e7\u00f5es divulgadas pelo<em> blog do M\u00e1rio Bittencourt<\/em>, o munic\u00edpio de Vit\u00f3ria da Conquista vai iniciar o abate de jumentos para atender a uma demanda que vem da China pela carne e pelo couro do animal, do qual \u00e9 extra\u00edda uma subst\u00e2ncia gelatinosa usada para produzir o ejiao, rem\u00e9dio tradicional chin\u00eas.<\/div>\n<p>Segundo o diretor-geral da Ag\u00eancia de Defesa Agropecu\u00e1ria da Bahia (Adab), Maur\u00edcio Bacelar, h\u00e1 um frigor\u00edfico na cidade, cujo o nome n\u00e3o foi revelado, j\u00e1 habilitado para fazer os abates, que podem ser iniciados a qualquer momento.<\/p>\n<p>\u201cNunca se estabeleceu uma pecu\u00e1ria dos jumentos. Com o passar do tempo, o homem come\u00e7ou a utilizar a moto, n\u00e3o tem mais o fog\u00e3o de lenha, j\u00e1 n\u00e3o se carrega mais \u00e1gua no lombo dos jumentos, e o jumento perdeu o seu uso. Vemos muitos jumentos sendo abandonados nas estradas, em campos. Entendemos que uma cadeia produtiva se estabelece a partir da ind\u00fastria. Quando o produtor tem a certeza de onde colocar a produ\u00e7\u00e3o dele, a\u00ed se estabelece a cadeia\u201d, afirmou Maur\u00edcio.<\/p>\n<p>Antes da libera\u00e7\u00e3o ser feita, foi realizado um estudo detalhado com t\u00e9cnicos do Minist\u00e9rio da Agricultura, para elaborar uma portaria que viabilizasse o in\u00edcio da pecu\u00e1ria de jumentos no Nordeste.<\/p>\n","protected":false},"excerpt":{"rendered":"<p>De acordo com informa\u00e7\u00f5es divulgadas pelo blog do M\u00e1rio Bittencourt, o munic\u00edpio de Vit\u00f3ria da Conquista vai iniciar o abate de jumentos para atender a uma demanda que vem da China pela carne e pelo couro do animal, do qual \u00e9 extra\u00edda uma subst\u00e2ncia gelatinosa usada para produzir o ejiao, rem\u00e9dio tradicional chin\u00eas. Segundo o [&hellip;]<\/p>\n","protected":false},"author":2,"featured_media":86715,"comment_status":"open","ping_status":"open","sticky":false,"template":"","format":"standard","meta":{"footnotes":"","_links_to":"","_links_to_target":""},"categories":[1],"tags":[],"class_list":["post-86712","post","type-post","status-publish","format-standard","has-post-thumbnail","hentry","category-geral"],"views":1592,"_links":{"self":[{"href":"https:\/\/www.sudoestehoje.com.br\/novoportal\/wp-json\/wp\/v2\/posts\/86712","targetHints":{"allow":["GET"]}}],"collection":[{"href":"https:\/\/www.sudoestehoje.com.br\/novoportal\/wp-json\/wp\/v2\/posts"}],"about":[{"href":"https:\/\/www.sudoestehoje.com.br\/novoportal\/wp-json\/wp\/v2\/types\/post"}],"author":[{"embeddable":true,"href":"https:\/\/www.sudoestehoje.com.br\/novoportal\/wp-json\/wp\/v2\/users\/2"}],"replies":[{"embeddable":true,"href":"https:\/\/www.sudoestehoje.com.br\/novoportal\/wp-json\/wp\/v2\/comments?post=86712"}],"version-history":[{"count":3,"href":"https:\/\/www.sudoestehoje.com.br\/novoportal\/wp-json\/wp\/v2\/posts\/86712\/revisions"}],"predecessor-version":[{"id":86716,"href":"https:\/\/www.sudoestehoje.com.br\/novoportal\/wp-json\/wp\/v2\/posts\/86712\/revisions\/86716"}],"wp:featuredmedia":[{"embeddable":true,"href":"https:\/\/www.sudoestehoje.com.br\/novoportal\/wp-json\/wp\/v2\/media\/86715"}],"wp:attachment":[{"href":"https:\/\/www.sudoestehoje.com.br\/novoportal\/wp-json\/wp\/v2\/media?parent=86712"}],"wp:term":[{"taxonomy":"category","embeddable":true,"href":"https:\/\/www.sudoestehoje.com.br\/novoportal\/wp-json\/wp\/v2\/categories?post=86712"},{"taxonomy":"post_tag","embeddable":true,"href":"https:\/\/www.sudoestehoje.com.br\/novoportal\/wp-json\/wp\/v2\/tags?post=86712"}],"curies":[{"name":"wp","href":"https:\/\/api.w.org\/{rel}","templated":true}]}}