
{"id":86709,"date":"2020-05-11T19:48:55","date_gmt":"2020-05-11T22:48:55","guid":{"rendered":"https:\/\/www.sudoestehoje.com.br\/novoportal\/?p=86709"},"modified":"2020-05-11T19:48:55","modified_gmt":"2020-05-11T22:48:55","slug":"locutor-do-pt-propoe-vida-de-gado-para-pacientes-do-covid-19","status":"publish","type":"post","link":"https:\/\/www.sudoestehoje.com.br\/novoportal\/2020\/05\/11\/locutor-do-pt-propoe-vida-de-gado-para-pacientes-do-covid-19\/","title":{"rendered":"LOCUTOR DO PT PROP\u00d5E &#8220;VIDA DE GADO&#8221; PARA PACIENTES DO COVID-19"},"content":{"rendered":"<p><a href=\"https:\/\/www.sudoestehoje.com.br\/novoportal\/wp-content\/uploads\/2020\/05\/exposi\u00e7\u00e3o.jpg\"><img loading=\"lazy\" decoding=\"async\" class=\"aligncenter  wp-image-86710\" src=\"https:\/\/www.sudoestehoje.com.br\/novoportal\/wp-content\/uploads\/2020\/05\/exposi\u00e7\u00e3o.jpg\" alt=\"\" width=\"233\" height=\"175\" \/><\/a><\/p>\n<p>A quantidade de <em>cargas d&#8217;\u00e1gua<\/em> vomitadas diariamente pelos locutores do programa dos &#8216;<em>condenados<\/em>&#8216; na R\u00e1dio Jornal, parece n\u00e3o ter fim. Hoje, um deles prop\u00f4s que o prefeito colocasse os pacientes de Covid-19 no Parque de Exposi\u00e7\u00f5es, para ajudar seu <em>coleguinha<\/em> que n\u00e3o quer os pacientes no PSF do 12 de dezembro, onde se esconde. O argumento simpl\u00f3rio do locutor \u00e9 preconceituoso e discriminat\u00f3rio, pois trata os pacientes de Coronav\u00edrus como verdadeiros leprosos, que devem ficar distantes da sociedade, em local estruturado para receber animais. Lembram da m\u00fasica do Z\u00e9 Ramalho? <em>&#8220;\u00d4\u00f4\u00f4 vida de gado, gente marcada&#8230;&#8221;<\/em><\/p>\n","protected":false},"excerpt":{"rendered":"<p>A quantidade de cargas d&#8217;\u00e1gua vomitadas diariamente pelos locutores do programa dos &#8216;condenados&#8216; na R\u00e1dio Jornal, parece n\u00e3o ter fim. Hoje, um deles prop\u00f4s que o prefeito colocasse os pacientes de Covid-19 no Parque de Exposi\u00e7\u00f5es, para ajudar seu coleguinha que n\u00e3o quer os pacientes no PSF do 12 de dezembro, onde se esconde. O [&hellip;]<\/p>\n","protected":false},"author":2,"featured_media":86710,"comment_status":"open","ping_status":"open","sticky":false,"template":"","format":"standard","meta":{"footnotes":"","_links_to":"","_links_to_target":""},"categories":[11],"tags":[],"class_list":["post-86709","post","type-post","status-publish","format-standard","has-post-thumbnail","hentry","category-quentinhas"],"views":1819,"_links":{"self":[{"href":"https:\/\/www.sudoestehoje.com.br\/novoportal\/wp-json\/wp\/v2\/posts\/86709","targetHints":{"allow":["GET"]}}],"collection":[{"href":"https:\/\/www.sudoestehoje.com.br\/novoportal\/wp-json\/wp\/v2\/posts"}],"about":[{"href":"https:\/\/www.sudoestehoje.com.br\/novoportal\/wp-json\/wp\/v2\/types\/post"}],"author":[{"embeddable":true,"href":"https:\/\/www.sudoestehoje.com.br\/novoportal\/wp-json\/wp\/v2\/users\/2"}],"replies":[{"embeddable":true,"href":"https:\/\/www.sudoestehoje.com.br\/novoportal\/wp-json\/wp\/v2\/comments?post=86709"}],"version-history":[{"count":1,"href":"https:\/\/www.sudoestehoje.com.br\/novoportal\/wp-json\/wp\/v2\/posts\/86709\/revisions"}],"predecessor-version":[{"id":86711,"href":"https:\/\/www.sudoestehoje.com.br\/novoportal\/wp-json\/wp\/v2\/posts\/86709\/revisions\/86711"}],"wp:featuredmedia":[{"embeddable":true,"href":"https:\/\/www.sudoestehoje.com.br\/novoportal\/wp-json\/wp\/v2\/media\/86710"}],"wp:attachment":[{"href":"https:\/\/www.sudoestehoje.com.br\/novoportal\/wp-json\/wp\/v2\/media?parent=86709"}],"wp:term":[{"taxonomy":"category","embeddable":true,"href":"https:\/\/www.sudoestehoje.com.br\/novoportal\/wp-json\/wp\/v2\/categories?post=86709"},{"taxonomy":"post_tag","embeddable":true,"href":"https:\/\/www.sudoestehoje.com.br\/novoportal\/wp-json\/wp\/v2\/tags?post=86709"}],"curies":[{"name":"wp","href":"https:\/\/api.w.org\/{rel}","templated":true}]}}