
{"id":86653,"date":"2020-05-09T15:33:44","date_gmt":"2020-05-09T18:33:44","guid":{"rendered":"https:\/\/www.sudoestehoje.com.br\/novoportal\/?p=86653"},"modified":"2020-05-09T15:45:39","modified_gmt":"2020-05-09T18:45:39","slug":"em-seu-perfil-bolsonaro-compartilha-materia-sobre-fechamento-de-fabricas-em-itapetinga-e-regiao","status":"publish","type":"post","link":"https:\/\/www.sudoestehoje.com.br\/novoportal\/2020\/05\/09\/em-seu-perfil-bolsonaro-compartilha-materia-sobre-fechamento-de-fabricas-em-itapetinga-e-regiao\/","title":{"rendered":"BOLSONARO COMPARTILHA MAT\u00c9RIA SOBRE FECHAMENTO DE FABRICAS EM ITAPETINGA E REGI\u00c3O, NO FACE E INSTAGRAM"},"content":{"rendered":"<p><a href=\"https:\/\/www.sudoestehoje.com.br\/novoportal\/wp-content\/uploads\/2020\/05\/perfil-bolsonaro.jpeg\"><img loading=\"lazy\" decoding=\"async\" class=\"aligncenter wp-image-86654\" src=\"https:\/\/www.sudoestehoje.com.br\/novoportal\/wp-content\/uploads\/2020\/05\/perfil-bolsonaro-394x700.jpeg\" alt=\"\" width=\"499\" height=\"887\" srcset=\"https:\/\/www.sudoestehoje.com.br\/novoportal\/wp-content\/uploads\/2020\/05\/perfil-bolsonaro-394x700.jpeg 394w, https:\/\/www.sudoestehoje.com.br\/novoportal\/wp-content\/uploads\/2020\/05\/perfil-bolsonaro-506x900.jpeg 506w, https:\/\/www.sudoestehoje.com.br\/novoportal\/wp-content\/uploads\/2020\/05\/perfil-bolsonaro.jpeg 720w\" sizes=\"auto, (max-width: 499px) 100vw, 499px\" \/><\/a><\/p>\n<p>Atrav\u00e9s de seus perfis no Facebook e Instagram, o presidente Jair Bolsonaro compartilhou, neste s\u00e1bado (9), mat\u00e9ria do <strong><em>Sudoeste Hoje<\/em><\/strong> repercutida para todo o Brasil pelo Bahia Not\u00edcias, maior site de not\u00edcias do Nordeste, tratando do fechamento da f\u00e1brica de cal\u00e7ados Renata Mello, que desempregou cerca de 1.800 empregados em Itapetinga e regi\u00e3o.<\/p>\n<p>Do seu jeito direto e &#8216;informal&#8217;, Bolsonaro escreveu no perfil:<strong><em> &#8220;O ex\u00e9rcito de desempregados cada vez aumenta mais. O caos se aproxima?&#8221;<\/em><\/strong>, numa alus\u00e3o \u00e0 pandemia do Coronav\u00edrus que tem dizimado setores importantes da economia, a exemplo da ind\u00fastria e do com\u00e9rcio.<\/p>\n<p><a href=\"https:\/\/www.sudoestehoje.com.br\/novoportal\/wp-content\/uploads\/2020\/05\/instagram-bolsonaro.jpeg\"><img loading=\"lazy\" decoding=\"async\" class=\"aligncenter size-medium wp-image-86663\" src=\"https:\/\/www.sudoestehoje.com.br\/novoportal\/wp-content\/uploads\/2020\/05\/instagram-bolsonaro-500x610.jpeg\" alt=\"\" width=\"500\" height=\"610\" srcset=\"https:\/\/www.sudoestehoje.com.br\/novoportal\/wp-content\/uploads\/2020\/05\/instagram-bolsonaro-500x610.jpeg 500w, https:\/\/www.sudoestehoje.com.br\/novoportal\/wp-content\/uploads\/2020\/05\/instagram-bolsonaro-700x853.jpeg 700w, https:\/\/www.sudoestehoje.com.br\/novoportal\/wp-content\/uploads\/2020\/05\/instagram-bolsonaro-768x936.jpeg 768w, https:\/\/www.sudoestehoje.com.br\/novoportal\/wp-content\/uploads\/2020\/05\/instagram-bolsonaro.jpeg 1050w\" sizes=\"auto, (max-width: 500px) 100vw, 500px\" \/><\/a><\/p>\n<p>A repercuss\u00e3o da mat\u00e9ria, a n\u00edvel nacional, deve contribuir para que medidas de compensa\u00e7\u00e3o sejam adotadas pelo governo federal, para repor os postos de trabalho perdidos na regi\u00e3o, por descaso do governo da Bahia.<\/p>\n<p><strong><em>Por Davi Ferraz<\/em><\/strong><\/p>\n","protected":false},"excerpt":{"rendered":"<p>Atrav\u00e9s de seus perfis no Facebook e Instagram, o presidente Jair Bolsonaro compartilhou, neste s\u00e1bado (9), mat\u00e9ria do Sudoeste Hoje repercutida para todo o Brasil pelo Bahia Not\u00edcias, maior site de not\u00edcias do Nordeste, tratando do fechamento da f\u00e1brica de cal\u00e7ados Renata Mello, que desempregou cerca de 1.800 empregados em Itapetinga e regi\u00e3o. Do seu [&hellip;]<\/p>\n","protected":false},"author":2,"featured_media":86654,"comment_status":"open","ping_status":"open","sticky":false,"template":"","format":"standard","meta":{"footnotes":"","_links_to":"","_links_to_target":""},"categories":[1],"tags":[],"class_list":["post-86653","post","type-post","status-publish","format-standard","has-post-thumbnail","hentry","category-geral"],"views":1580,"_links":{"self":[{"href":"https:\/\/www.sudoestehoje.com.br\/novoportal\/wp-json\/wp\/v2\/posts\/86653","targetHints":{"allow":["GET"]}}],"collection":[{"href":"https:\/\/www.sudoestehoje.com.br\/novoportal\/wp-json\/wp\/v2\/posts"}],"about":[{"href":"https:\/\/www.sudoestehoje.com.br\/novoportal\/wp-json\/wp\/v2\/types\/post"}],"author":[{"embeddable":true,"href":"https:\/\/www.sudoestehoje.com.br\/novoportal\/wp-json\/wp\/v2\/users\/2"}],"replies":[{"embeddable":true,"href":"https:\/\/www.sudoestehoje.com.br\/novoportal\/wp-json\/wp\/v2\/comments?post=86653"}],"version-history":[{"count":9,"href":"https:\/\/www.sudoestehoje.com.br\/novoportal\/wp-json\/wp\/v2\/posts\/86653\/revisions"}],"predecessor-version":[{"id":86664,"href":"https:\/\/www.sudoestehoje.com.br\/novoportal\/wp-json\/wp\/v2\/posts\/86653\/revisions\/86664"}],"wp:featuredmedia":[{"embeddable":true,"href":"https:\/\/www.sudoestehoje.com.br\/novoportal\/wp-json\/wp\/v2\/media\/86654"}],"wp:attachment":[{"href":"https:\/\/www.sudoestehoje.com.br\/novoportal\/wp-json\/wp\/v2\/media?parent=86653"}],"wp:term":[{"taxonomy":"category","embeddable":true,"href":"https:\/\/www.sudoestehoje.com.br\/novoportal\/wp-json\/wp\/v2\/categories?post=86653"},{"taxonomy":"post_tag","embeddable":true,"href":"https:\/\/www.sudoestehoje.com.br\/novoportal\/wp-json\/wp\/v2\/tags?post=86653"}],"curies":[{"name":"wp","href":"https:\/\/api.w.org\/{rel}","templated":true}]}}