
{"id":86625,"date":"2020-05-08T21:14:30","date_gmt":"2020-05-09T00:14:30","guid":{"rendered":"https:\/\/www.sudoestehoje.com.br\/novoportal\/?p=86625"},"modified":"2020-05-08T21:22:49","modified_gmt":"2020-05-09T00:22:49","slug":"lia-line-da-aviso-previo-a-345-empregados-e-vai-fechar-fabrica-em-ibicui","status":"publish","type":"post","link":"https:\/\/www.sudoestehoje.com.br\/novoportal\/2020\/05\/08\/lia-line-da-aviso-previo-a-345-empregados-e-vai-fechar-fabrica-em-ibicui\/","title":{"rendered":"REGI\u00c3O: LIA LINE D\u00c1 AVISO PR\u00c9VIO A 345 EMPREGADOS E VAI FECHAR F\u00c1BRICA EM IBICU\u00cd"},"content":{"rendered":"<p><a href=\"https:\/\/www.sudoestehoje.com.br\/novoportal\/wp-content\/uploads\/2020\/05\/lia-line.jpg\"><img loading=\"lazy\" decoding=\"async\" class=\"aligncenter size-medium wp-image-86626\" src=\"https:\/\/www.sudoestehoje.com.br\/novoportal\/wp-content\/uploads\/2020\/05\/lia-line-500x279.jpg\" alt=\"\" width=\"500\" height=\"279\" srcset=\"https:\/\/www.sudoestehoje.com.br\/novoportal\/wp-content\/uploads\/2020\/05\/lia-line-500x279.jpg 500w, https:\/\/www.sudoestehoje.com.br\/novoportal\/wp-content\/uploads\/2020\/05\/lia-line.jpg 512w\" sizes=\"auto, (max-width: 500px) 100vw, 500px\" \/><\/a><\/p>\n<p>Mais uma ind\u00fastria de cal\u00e7ados, instalada no M\u00e9dio Sudoeste da Bahia, tomou a dura decis\u00e3o de encerrar as suas atividades, na unidade de Ibicu\u00ed, dando aviso pr\u00e9vio a todos os seus 345 empregados.<\/p>\n<p>De acordo com informa\u00e7\u00f5es do Sindicato de Verdade, nas demais unidades da f\u00e1brica, os empregados da Lia Line v\u00e3o continuar trabalhando com hor\u00e1rios e sal\u00e1rios reduzidos, nos termos da Medida Provis\u00f3ria n\u00ba 936, do governo federal, o que j\u00e1 foi adotado em Itapetinga pela Vulcabras\/Azaleia.<\/p>\n<p>Al\u00e9m de Ibicu\u00ed, a Lia Line tem f\u00e1bricas em Itoror\u00f3, distrito de Bandeira do Col\u00f4nia (Itapetinga), Firmino Alves e distrito de Itai\u00e1 (Firmino Alves), al\u00e9m de Camac\u00e3 e Concei\u00e7\u00e3o do Coit\u00e9.<\/p>\n<p>A onda de demiss\u00f5es nas fabricas de cal\u00e7ados instaladas em Itapetinga e regi\u00e3o, j\u00e1 atingiu mais de 2.300 empregados, sem qualquer interfer\u00eancia por parte da Secretaria do Desenvolvimento Econ\u00f4mico do Estado, controlada pelo vice-governador Jo\u00e3o Le\u00e3o, que concedeu generosos benef\u00edcios fiscais a essas empresas.<\/p>\n<p><strong><em>Por Davi Ferraz<\/em><\/strong><\/p>\n","protected":false},"excerpt":{"rendered":"<p>Mais uma ind\u00fastria de cal\u00e7ados, instalada no M\u00e9dio Sudoeste da Bahia, tomou a dura decis\u00e3o de encerrar as suas atividades, na unidade de Ibicu\u00ed, dando aviso pr\u00e9vio a todos os seus 345 empregados. De acordo com informa\u00e7\u00f5es do Sindicato de Verdade, nas demais unidades da f\u00e1brica, os empregados da Lia Line v\u00e3o continuar trabalhando com [&hellip;]<\/p>\n","protected":false},"author":2,"featured_media":86626,"comment_status":"open","ping_status":"open","sticky":false,"template":"","format":"standard","meta":{"footnotes":"","_links_to":"","_links_to_target":""},"categories":[1],"tags":[],"class_list":["post-86625","post","type-post","status-publish","format-standard","has-post-thumbnail","hentry","category-geral"],"views":5094,"_links":{"self":[{"href":"https:\/\/www.sudoestehoje.com.br\/novoportal\/wp-json\/wp\/v2\/posts\/86625","targetHints":{"allow":["GET"]}}],"collection":[{"href":"https:\/\/www.sudoestehoje.com.br\/novoportal\/wp-json\/wp\/v2\/posts"}],"about":[{"href":"https:\/\/www.sudoestehoje.com.br\/novoportal\/wp-json\/wp\/v2\/types\/post"}],"author":[{"embeddable":true,"href":"https:\/\/www.sudoestehoje.com.br\/novoportal\/wp-json\/wp\/v2\/users\/2"}],"replies":[{"embeddable":true,"href":"https:\/\/www.sudoestehoje.com.br\/novoportal\/wp-json\/wp\/v2\/comments?post=86625"}],"version-history":[{"count":5,"href":"https:\/\/www.sudoestehoje.com.br\/novoportal\/wp-json\/wp\/v2\/posts\/86625\/revisions"}],"predecessor-version":[{"id":86631,"href":"https:\/\/www.sudoestehoje.com.br\/novoportal\/wp-json\/wp\/v2\/posts\/86625\/revisions\/86631"}],"wp:featuredmedia":[{"embeddable":true,"href":"https:\/\/www.sudoestehoje.com.br\/novoportal\/wp-json\/wp\/v2\/media\/86626"}],"wp:attachment":[{"href":"https:\/\/www.sudoestehoje.com.br\/novoportal\/wp-json\/wp\/v2\/media?parent=86625"}],"wp:term":[{"taxonomy":"category","embeddable":true,"href":"https:\/\/www.sudoestehoje.com.br\/novoportal\/wp-json\/wp\/v2\/categories?post=86625"},{"taxonomy":"post_tag","embeddable":true,"href":"https:\/\/www.sudoestehoje.com.br\/novoportal\/wp-json\/wp\/v2\/tags?post=86625"}],"curies":[{"name":"wp","href":"https:\/\/api.w.org\/{rel}","templated":true}]}}