
{"id":86620,"date":"2020-05-08T20:35:04","date_gmt":"2020-05-08T23:35:04","guid":{"rendered":"https:\/\/www.sudoestehoje.com.br\/novoportal\/?p=86620"},"modified":"2020-05-08T20:35:04","modified_gmt":"2020-05-08T23:35:04","slug":"itapetinga-e-regiao-renata-mello-fecha-fabricas-e-demite-1-800-empregados","status":"publish","type":"post","link":"https:\/\/www.sudoestehoje.com.br\/novoportal\/2020\/05\/08\/itapetinga-e-regiao-renata-mello-fecha-fabricas-e-demite-1-800-empregados\/","title":{"rendered":"ITAPETINGA E REGI\u00c3O: RENATA MELLO FECHA F\u00c1BRICAS E DEMITE 1.800 EMPREGADOS"},"content":{"rendered":"<p><a href=\"https:\/\/www.sudoestehoje.com.br\/novoportal\/wp-content\/uploads\/2020\/05\/renata-mello.jpg\"><img loading=\"lazy\" decoding=\"async\" class=\"aligncenter size-full wp-image-86621\" src=\"https:\/\/www.sudoestehoje.com.br\/novoportal\/wp-content\/uploads\/2020\/05\/renata-mello.jpg\" alt=\"\" width=\"500\" height=\"243\" \/><\/a><\/p>\n<p>Ap\u00f3s conceder f\u00e9rias coletivas aos seus empregados nas diversas unidades de produ\u00e7\u00e3o no M\u00e9dio Sudoeste Baiano, a Ind\u00fastria de Cal\u00e7ados Renata Mello concluiu o processo de demiss\u00e3o em massa e foi embora nesta sexta-feira (8).<\/p>\n<p>De acordo com informa\u00e7\u00f5es do sindicato que representa a categoria dos cal\u00e7adistas, foram aproximadamente 1.800 demiss\u00f5es nas unidades de Itapetinga, Itarantim, Maiquinique, Macarani e Potiragu\u00e1, um verdadeiro baque econ\u00f4mico em plena pandemia do Coronav\u00edrus, per\u00edodo de extrema escassez de empregos.<\/p>\n<p>A sa\u00edda da Renata Mello da regi\u00e3o aconteceu sob a omiss\u00e3o total do governo estadual, que atrav\u00e9s do deputado estadual Rosemberg Pinto (PT) havia prometido uma solu\u00e7\u00e3o para contar o processo de fechamento das f\u00e1bricas na regi\u00e3o.<\/p>\n<p>Como a &#8220;solu\u00e7\u00e3o&#8221; do deputado l\u00edder do governador ficou s\u00f3 na promessa, como de costume, a Renata Mello recolheu seus equipamentos e se foi&#8230;<\/p>\n<p><strong><em>Por Davi Ferraz\u00a0<\/em><\/strong><\/p>\n","protected":false},"excerpt":{"rendered":"<p>Ap\u00f3s conceder f\u00e9rias coletivas aos seus empregados nas diversas unidades de produ\u00e7\u00e3o no M\u00e9dio Sudoeste Baiano, a Ind\u00fastria de Cal\u00e7ados Renata Mello concluiu o processo de demiss\u00e3o em massa e foi embora nesta sexta-feira (8). De acordo com informa\u00e7\u00f5es do sindicato que representa a categoria dos cal\u00e7adistas, foram aproximadamente 1.800 demiss\u00f5es nas unidades de Itapetinga, [&hellip;]<\/p>\n","protected":false},"author":2,"featured_media":86621,"comment_status":"open","ping_status":"open","sticky":false,"template":"","format":"standard","meta":{"footnotes":"","_links_to":"","_links_to_target":""},"categories":[1],"tags":[],"class_list":["post-86620","post","type-post","status-publish","format-standard","has-post-thumbnail","hentry","category-geral"],"views":2401,"_links":{"self":[{"href":"https:\/\/www.sudoestehoje.com.br\/novoportal\/wp-json\/wp\/v2\/posts\/86620","targetHints":{"allow":["GET"]}}],"collection":[{"href":"https:\/\/www.sudoestehoje.com.br\/novoportal\/wp-json\/wp\/v2\/posts"}],"about":[{"href":"https:\/\/www.sudoestehoje.com.br\/novoportal\/wp-json\/wp\/v2\/types\/post"}],"author":[{"embeddable":true,"href":"https:\/\/www.sudoestehoje.com.br\/novoportal\/wp-json\/wp\/v2\/users\/2"}],"replies":[{"embeddable":true,"href":"https:\/\/www.sudoestehoje.com.br\/novoportal\/wp-json\/wp\/v2\/comments?post=86620"}],"version-history":[{"count":3,"href":"https:\/\/www.sudoestehoje.com.br\/novoportal\/wp-json\/wp\/v2\/posts\/86620\/revisions"}],"predecessor-version":[{"id":86624,"href":"https:\/\/www.sudoestehoje.com.br\/novoportal\/wp-json\/wp\/v2\/posts\/86620\/revisions\/86624"}],"wp:featuredmedia":[{"embeddable":true,"href":"https:\/\/www.sudoestehoje.com.br\/novoportal\/wp-json\/wp\/v2\/media\/86621"}],"wp:attachment":[{"href":"https:\/\/www.sudoestehoje.com.br\/novoportal\/wp-json\/wp\/v2\/media?parent=86620"}],"wp:term":[{"taxonomy":"category","embeddable":true,"href":"https:\/\/www.sudoestehoje.com.br\/novoportal\/wp-json\/wp\/v2\/categories?post=86620"},{"taxonomy":"post_tag","embeddable":true,"href":"https:\/\/www.sudoestehoje.com.br\/novoportal\/wp-json\/wp\/v2\/tags?post=86620"}],"curies":[{"name":"wp","href":"https:\/\/api.w.org\/{rel}","templated":true}]}}