
{"id":86614,"date":"2020-05-07T22:15:54","date_gmt":"2020-05-08T01:15:54","guid":{"rendered":"https:\/\/www.sudoestehoje.com.br\/novoportal\/?p=86614"},"modified":"2020-05-07T22:15:54","modified_gmt":"2020-05-08T01:15:54","slug":"comercio-de-eunapolis-vai-voltar-a-ser-fechado-a-partir-da-proxima-segunda","status":"publish","type":"post","link":"https:\/\/www.sudoestehoje.com.br\/novoportal\/2020\/05\/07\/comercio-de-eunapolis-vai-voltar-a-ser-fechado-a-partir-da-proxima-segunda\/","title":{"rendered":"COM\u00c9RCIO DE EUN\u00c1POLIS VAI VOLTAR A SER FECHADO A PARTIR DA PR\u00d3XIMA SEGUNDA"},"content":{"rendered":"<p><a href=\"https:\/\/www.sudoestehoje.com.br\/novoportal\/wp-content\/uploads\/2020\/05\/eunapolis.jpg\"><img loading=\"lazy\" decoding=\"async\" class=\"aligncenter size-medium wp-image-86615\" src=\"https:\/\/www.sudoestehoje.com.br\/novoportal\/wp-content\/uploads\/2020\/05\/eunapolis-500x281.jpg\" alt=\"\" width=\"500\" height=\"281\" srcset=\"https:\/\/www.sudoestehoje.com.br\/novoportal\/wp-content\/uploads\/2020\/05\/eunapolis-500x281.jpg 500w, https:\/\/www.sudoestehoje.com.br\/novoportal\/wp-content\/uploads\/2020\/05\/eunapolis-700x393.jpg 700w, https:\/\/www.sudoestehoje.com.br\/novoportal\/wp-content\/uploads\/2020\/05\/eunapolis-768x432.jpg 768w, https:\/\/www.sudoestehoje.com.br\/novoportal\/wp-content\/uploads\/2020\/05\/eunapolis.jpg 1000w\" sizes=\"auto, (max-width: 500px) 100vw, 500px\" \/><\/a><\/p>\n<p>O com\u00e9rcio de Eun\u00e1polis vai voltar a ser fechado totalmente a partir da pr\u00f3xima segunda-feira (11), segundo informou o prefeito Rob\u00e9rio Oliveira (PSD), em entrevista ao\u00a0<strong>RADAR 64<\/strong>. De acordo com ele, a orienta\u00e7\u00e3o do\u00a0<strong>governador Rui Costa<\/strong>\u00a0era que as lojas fossem fechadas imediatamente j\u00e1 esta semana, pois, conforme estudos de especialistas, o pico de\u00a0<strong>coronav\u00edrus<\/strong>\u00a0na Bahia deve ocorrer nos pr\u00f3ximos 15 dias.<\/p>\n<p>No entanto, o prefeito Rob\u00e9rio disse que ponderou e preferiu manter as empresas abertas na semana que antecede o\u00a0<strong>Dia das M\u00e3es<\/strong>, na busca de manter um equil\u00edbrio entre atividade economia, manuten\u00e7\u00e3o dos empregos e sa\u00fade p\u00fablica.<\/p>\n<p>\u201cEstamos preocupados com a sa\u00fade da popula\u00e7\u00e3o, mas, ao mesmo tempo, com os preju\u00edzos que os lojistas v\u00eam tendo e com os empregos. Muitos refor\u00e7aram seus estoques para esta data comemorativa, mas o governador est\u00e1 muito preocupado, pois estamos na mesma regi\u00e3o que Ilh\u00e9us e Itabuna, onde a Covid-19 se alastra rapidamente\u201d, frisou o prefeito.<\/p>\n<p>At\u00e9 esta quinta-feira (07), 31 pessoas j\u00e1 tinham sido diagnosticadas com coronav\u00edrus em Eun\u00e1polis. 16 pacientes est\u00e3o em isolamento domiciliar e 15 recuperados. Uma pessoa est\u00e1 internada na UTI de um hospital particular. Ainda n\u00e3o houve \u00f3bito.<\/p>\n<p>Antes de editar o decreto, o prefeito Rob\u00e9rio Oliveira deve se reunir com os presidentes da CDL e do Sindicom, entidades que representam o com\u00e9rcio, e com o Sincom, o sindicado dos trabalhadores no setor.<\/p>\n<p>Fonte: Radar64.com<\/p>\n","protected":false},"excerpt":{"rendered":"<p>O com\u00e9rcio de Eun\u00e1polis vai voltar a ser fechado totalmente a partir da pr\u00f3xima segunda-feira (11), segundo informou o prefeito Rob\u00e9rio Oliveira (PSD), em entrevista ao\u00a0RADAR 64. De acordo com ele, a orienta\u00e7\u00e3o do\u00a0governador Rui Costa\u00a0era que as lojas fossem fechadas imediatamente j\u00e1 esta semana, pois, conforme estudos de especialistas, o pico de\u00a0coronav\u00edrus\u00a0na Bahia deve [&hellip;]<\/p>\n","protected":false},"author":2,"featured_media":86615,"comment_status":"open","ping_status":"open","sticky":false,"template":"","format":"standard","meta":{"footnotes":"","_links_to":"","_links_to_target":""},"categories":[1],"tags":[],"class_list":["post-86614","post","type-post","status-publish","format-standard","has-post-thumbnail","hentry","category-geral"],"views":1241,"_links":{"self":[{"href":"https:\/\/www.sudoestehoje.com.br\/novoportal\/wp-json\/wp\/v2\/posts\/86614","targetHints":{"allow":["GET"]}}],"collection":[{"href":"https:\/\/www.sudoestehoje.com.br\/novoportal\/wp-json\/wp\/v2\/posts"}],"about":[{"href":"https:\/\/www.sudoestehoje.com.br\/novoportal\/wp-json\/wp\/v2\/types\/post"}],"author":[{"embeddable":true,"href":"https:\/\/www.sudoestehoje.com.br\/novoportal\/wp-json\/wp\/v2\/users\/2"}],"replies":[{"embeddable":true,"href":"https:\/\/www.sudoestehoje.com.br\/novoportal\/wp-json\/wp\/v2\/comments?post=86614"}],"version-history":[{"count":3,"href":"https:\/\/www.sudoestehoje.com.br\/novoportal\/wp-json\/wp\/v2\/posts\/86614\/revisions"}],"predecessor-version":[{"id":86618,"href":"https:\/\/www.sudoestehoje.com.br\/novoportal\/wp-json\/wp\/v2\/posts\/86614\/revisions\/86618"}],"wp:featuredmedia":[{"embeddable":true,"href":"https:\/\/www.sudoestehoje.com.br\/novoportal\/wp-json\/wp\/v2\/media\/86615"}],"wp:attachment":[{"href":"https:\/\/www.sudoestehoje.com.br\/novoportal\/wp-json\/wp\/v2\/media?parent=86614"}],"wp:term":[{"taxonomy":"category","embeddable":true,"href":"https:\/\/www.sudoestehoje.com.br\/novoportal\/wp-json\/wp\/v2\/categories?post=86614"},{"taxonomy":"post_tag","embeddable":true,"href":"https:\/\/www.sudoestehoje.com.br\/novoportal\/wp-json\/wp\/v2\/tags?post=86614"}],"curies":[{"name":"wp","href":"https:\/\/api.w.org\/{rel}","templated":true}]}}