
{"id":8661,"date":"2011-09-14T14:21:45","date_gmt":"2011-09-14T17:21:45","guid":{"rendered":"http:\/\/www.sudoestehoje.com.br\/novoportal\/?p=8661"},"modified":"2011-09-14T14:48:03","modified_gmt":"2011-09-14T17:48:03","slug":"correios-funcionam-normalmente","status":"publish","type":"post","link":"https:\/\/www.sudoestehoje.com.br\/novoportal\/2011\/09\/14\/correios-funcionam-normalmente\/","title":{"rendered":"GREVE DOS CORREIOS: SOMENTE OS CARTEIROS ADERIRAM AO MOVIMENTO"},"content":{"rendered":"<div id=\"attachment_8662\" style=\"width: 410px\" class=\"wp-caption aligncenter\"><a href=\"http:\/\/www.sudoestehoje.com.br\/novoportal\/wp-content\/uploads\/2011\/09\/100_6515.jpg\"><img decoding=\"async\" aria-describedby=\"caption-attachment-8662\" class=\"size-medium wp-image-8662 \" title=\"100_6515\" src=\"http:\/\/www.sudoestehoje.com.br\/novoportal\/wp-content\/uploads\/2011\/09\/100_6515-500x375.jpg\" alt=\"\" width=\"400\" srcset=\"https:\/\/www.sudoestehoje.com.br\/novoportal\/wp-content\/uploads\/2011\/09\/100_6515-500x375.jpg 500w, https:\/\/www.sudoestehoje.com.br\/novoportal\/wp-content\/uploads\/2011\/09\/100_6515-1024x768.jpg 1024w\" sizes=\"(max-width: 500px) 100vw, 500px\" \/><\/a><p id=\"caption-attachment-8662\" class=\"wp-caption-text\">Em Itapetinga, somente os carteiros aderiram \u00e0 greve nacional dos funcion\u00e1rios dos correios (foto: Sudoeste Hoje)<\/p><\/div>\n<p>ITAPETINGA: Apesar dos funcion\u00e1rios dos Correios da Bahia terem aderido \u00e0 greve nacional, a ag\u00eancia dos Correios em Itapetinga funciona normalmente, com exce\u00e7\u00e3o da entrega de correspond\u00eancia, setor em que a ades\u00e3o ao movimento foi total.<\/p>\n<p>Na manh\u00e3 desta quarta-feira a nossa reportagem foi \u00e0 ag\u00eancia dos Correios e constatou que somente os carteiros aderiram ao movimento, ao passo que os atendentes continuavam trabalhando normalmente, atendendo ao p\u00fablico em todos os servi\u00e7os oferecidos pelos correios.<\/p>\n<p>Vale lembrar que a greve dos carteiros \u00e9 por tempo indeterminado, o que dever\u00e1 acarretar em um enorme ac\u00famulo e atraso na entrega das correspond\u00eancias. O movimento \u00e9 justo, mas \u00e9 o cidad\u00e3o quem sofre os transtornos da greve. Como se j\u00e1 n\u00e3o bastasse&#8230;<\/p>\n<p><em><strong>Por DAVI FERRAZ<\/strong><\/em><\/p>\n","protected":false},"excerpt":{"rendered":"<p>ITAPETINGA: Apesar dos funcion\u00e1rios dos Correios da Bahia terem aderido \u00e0 greve nacional, a ag\u00eancia dos Correios em Itapetinga funciona normalmente, com exce\u00e7\u00e3o da entrega de correspond\u00eancia, setor em que a ades\u00e3o ao movimento foi total. Na manh\u00e3 desta quarta-feira a nossa reportagem foi \u00e0 ag\u00eancia dos Correios e constatou que somente os carteiros aderiram [&hellip;]<\/p>\n","protected":false},"author":2,"featured_media":0,"comment_status":"open","ping_status":"open","sticky":false,"template":"","format":"standard","meta":{"footnotes":"","_links_to":"","_links_to_target":""},"categories":[1],"tags":[],"class_list":["post-8661","post","type-post","status-publish","format-standard","hentry","category-geral"],"views":3240,"_links":{"self":[{"href":"https:\/\/www.sudoestehoje.com.br\/novoportal\/wp-json\/wp\/v2\/posts\/8661","targetHints":{"allow":["GET"]}}],"collection":[{"href":"https:\/\/www.sudoestehoje.com.br\/novoportal\/wp-json\/wp\/v2\/posts"}],"about":[{"href":"https:\/\/www.sudoestehoje.com.br\/novoportal\/wp-json\/wp\/v2\/types\/post"}],"author":[{"embeddable":true,"href":"https:\/\/www.sudoestehoje.com.br\/novoportal\/wp-json\/wp\/v2\/users\/2"}],"replies":[{"embeddable":true,"href":"https:\/\/www.sudoestehoje.com.br\/novoportal\/wp-json\/wp\/v2\/comments?post=8661"}],"version-history":[{"count":6,"href":"https:\/\/www.sudoestehoje.com.br\/novoportal\/wp-json\/wp\/v2\/posts\/8661\/revisions"}],"predecessor-version":[{"id":8665,"href":"https:\/\/www.sudoestehoje.com.br\/novoportal\/wp-json\/wp\/v2\/posts\/8661\/revisions\/8665"}],"wp:attachment":[{"href":"https:\/\/www.sudoestehoje.com.br\/novoportal\/wp-json\/wp\/v2\/media?parent=8661"}],"wp:term":[{"taxonomy":"category","embeddable":true,"href":"https:\/\/www.sudoestehoje.com.br\/novoportal\/wp-json\/wp\/v2\/categories?post=8661"},{"taxonomy":"post_tag","embeddable":true,"href":"https:\/\/www.sudoestehoje.com.br\/novoportal\/wp-json\/wp\/v2\/tags?post=8661"}],"curies":[{"name":"wp","href":"https:\/\/api.w.org\/{rel}","templated":true}]}}