
{"id":86586,"date":"2020-05-06T18:42:03","date_gmt":"2020-05-06T21:42:03","guid":{"rendered":"https:\/\/www.sudoestehoje.com.br\/novoportal\/?p=86586"},"modified":"2020-05-06T18:42:03","modified_gmt":"2020-05-06T21:42:03","slug":"trf-4-nega-recurso-de-lula-e-mantem-pena-de-17-anos-no-caso-do-sitio-de-atibaia","status":"publish","type":"post","link":"https:\/\/www.sudoestehoje.com.br\/novoportal\/2020\/05\/06\/trf-4-nega-recurso-de-lula-e-mantem-pena-de-17-anos-no-caso-do-sitio-de-atibaia\/","title":{"rendered":"TRF-4 NEGA RECURSO DE LULA E MANT\u00c9M PENA DE 17 ANOS NO CASO DO S\u00cdTIO DE ATIBAIA"},"content":{"rendered":"<p><a href=\"https:\/\/www.sudoestehoje.com.br\/novoportal\/wp-content\/uploads\/2020\/05\/Lula-2.jpg\"><img loading=\"lazy\" decoding=\"async\" class=\"aligncenter size-medium wp-image-86587\" src=\"https:\/\/www.sudoestehoje.com.br\/novoportal\/wp-content\/uploads\/2020\/05\/Lula-2-500x326.jpg\" alt=\"\" width=\"500\" height=\"326\" srcset=\"https:\/\/www.sudoestehoje.com.br\/novoportal\/wp-content\/uploads\/2020\/05\/Lula-2-500x326.jpg 500w, https:\/\/www.sudoestehoje.com.br\/novoportal\/wp-content\/uploads\/2020\/05\/Lula-2-700x456.jpg 700w, https:\/\/www.sudoestehoje.com.br\/novoportal\/wp-content\/uploads\/2020\/05\/Lula-2-768x500.jpg 768w, https:\/\/www.sudoestehoje.com.br\/novoportal\/wp-content\/uploads\/2020\/05\/Lula-2.jpg 800w\" sizes=\"auto, (max-width: 500px) 100vw, 500px\" \/><\/a><\/p>\n<p>Os desembargadores da 8\u00aa Turma do Tribunal Regional Federal da 4\u00aa Regi\u00e3o (TRF-4), o Tribunal da Lava Jato, negou os recursos apresentados pela defesa do ex-presidente Luiz In\u00e1cio Lula da Silva (PT) e mantiveram a senten\u00e7a proferida pela corte em novembro do ano passado, de 17 anos e um m\u00eas de pris\u00e3o, em regime fechado. \u00c9 a pena mais pesada imposta pela Lava Jato ao petista.<\/p>\n<p>Lula foi condenado por corrup\u00e7\u00e3o passiva e lavagem de dinheiro no processo do s\u00edtio de Atibaia. O recurso buscava reverter aspectos da senten\u00e7a. Os desembargadores tamb\u00e9m negaram pedido preliminar da defesa de Lula, que buscava remarcar o julgamento para uma data futura, de forma a garantir que ele fosse feito presencialmente.<\/p>\n<p>O julgamento desta quarta, 6, foi conclu\u00eddo no plen\u00e1rio virtual do TRF-4. A an\u00e1lise do caso come\u00e7ou na semana passada.<\/p>\n<p>\u00c9 a segunda senten\u00e7a em segundo grau de Lula nos processos da Lava Jato, em Curitiba.<\/p>\n","protected":false},"excerpt":{"rendered":"<p>Os desembargadores da 8\u00aa Turma do Tribunal Regional Federal da 4\u00aa Regi\u00e3o (TRF-4), o Tribunal da Lava Jato, negou os recursos apresentados pela defesa do ex-presidente Luiz In\u00e1cio Lula da Silva (PT) e mantiveram a senten\u00e7a proferida pela corte em novembro do ano passado, de 17 anos e um m\u00eas de pris\u00e3o, em regime fechado. [&hellip;]<\/p>\n","protected":false},"author":2,"featured_media":86587,"comment_status":"open","ping_status":"open","sticky":false,"template":"","format":"standard","meta":{"footnotes":"","_links_to":"","_links_to_target":""},"categories":[1],"tags":[],"class_list":["post-86586","post","type-post","status-publish","format-standard","has-post-thumbnail","hentry","category-geral"],"views":815,"_links":{"self":[{"href":"https:\/\/www.sudoestehoje.com.br\/novoportal\/wp-json\/wp\/v2\/posts\/86586","targetHints":{"allow":["GET"]}}],"collection":[{"href":"https:\/\/www.sudoestehoje.com.br\/novoportal\/wp-json\/wp\/v2\/posts"}],"about":[{"href":"https:\/\/www.sudoestehoje.com.br\/novoportal\/wp-json\/wp\/v2\/types\/post"}],"author":[{"embeddable":true,"href":"https:\/\/www.sudoestehoje.com.br\/novoportal\/wp-json\/wp\/v2\/users\/2"}],"replies":[{"embeddable":true,"href":"https:\/\/www.sudoestehoje.com.br\/novoportal\/wp-json\/wp\/v2\/comments?post=86586"}],"version-history":[{"count":1,"href":"https:\/\/www.sudoestehoje.com.br\/novoportal\/wp-json\/wp\/v2\/posts\/86586\/revisions"}],"predecessor-version":[{"id":86588,"href":"https:\/\/www.sudoestehoje.com.br\/novoportal\/wp-json\/wp\/v2\/posts\/86586\/revisions\/86588"}],"wp:featuredmedia":[{"embeddable":true,"href":"https:\/\/www.sudoestehoje.com.br\/novoportal\/wp-json\/wp\/v2\/media\/86587"}],"wp:attachment":[{"href":"https:\/\/www.sudoestehoje.com.br\/novoportal\/wp-json\/wp\/v2\/media?parent=86586"}],"wp:term":[{"taxonomy":"category","embeddable":true,"href":"https:\/\/www.sudoestehoje.com.br\/novoportal\/wp-json\/wp\/v2\/categories?post=86586"},{"taxonomy":"post_tag","embeddable":true,"href":"https:\/\/www.sudoestehoje.com.br\/novoportal\/wp-json\/wp\/v2\/tags?post=86586"}],"curies":[{"name":"wp","href":"https:\/\/api.w.org\/{rel}","templated":true}]}}