
{"id":86570,"date":"2020-05-06T10:28:16","date_gmt":"2020-05-06T13:28:16","guid":{"rendered":"https:\/\/www.sudoestehoje.com.br\/novoportal\/?p=86570"},"modified":"2020-05-06T10:28:16","modified_gmt":"2020-05-06T13:28:16","slug":"antonio-brito-celebra-sancao-de-lei-que-destina-r-2-bilhoes-para-socorrer-santas-casas","status":"publish","type":"post","link":"https:\/\/www.sudoestehoje.com.br\/novoportal\/2020\/05\/06\/antonio-brito-celebra-sancao-de-lei-que-destina-r-2-bilhoes-para-socorrer-santas-casas\/","title":{"rendered":"ANTONIO BRITO CELEBRA SAN\u00c7\u00c3O DE LEI QUE DESTINA R$ 2 BILH\u00d5ES PARA SOCORRER SANTAS CASAS"},"content":{"rendered":"<p><a href=\"https:\/\/www.sudoestehoje.com.br\/novoportal\/wp-content\/uploads\/2020\/05\/BRITO-CELEBRA-1.jpeg\"><img loading=\"lazy\" decoding=\"async\" class=\"aligncenter size-medium wp-image-86573\" src=\"https:\/\/www.sudoestehoje.com.br\/novoportal\/wp-content\/uploads\/2020\/05\/BRITO-CELEBRA-1-500x333.jpeg\" alt=\"\" width=\"500\" height=\"333\" srcset=\"https:\/\/www.sudoestehoje.com.br\/novoportal\/wp-content\/uploads\/2020\/05\/BRITO-CELEBRA-1-500x333.jpeg 500w, https:\/\/www.sudoestehoje.com.br\/novoportal\/wp-content\/uploads\/2020\/05\/BRITO-CELEBRA-1-700x466.jpeg 700w, https:\/\/www.sudoestehoje.com.br\/novoportal\/wp-content\/uploads\/2020\/05\/BRITO-CELEBRA-1-768x512.jpeg 768w, https:\/\/www.sudoestehoje.com.br\/novoportal\/wp-content\/uploads\/2020\/05\/BRITO-CELEBRA-1.jpeg 1280w\" sizes=\"auto, (max-width: 500px) 100vw, 500px\" \/><\/a><\/p>\n<p>Foi publicada no Di\u00e1rio Oficial da Uni\u00e3o (DOU) desta quarta-feira (6) a Lei n\u00ba 13.995, sancionada pelo presidente Jair Bolsonaro, que prev\u00ea a transfer\u00eancia de R$ 2 bilh\u00f5es da Uni\u00e3o para as cerca de 2100 santas casas e hospitais filantr\u00f3picos para o combate \u00e0 pandemia de Covid-19.<\/p>\n<p>De autoria do senador Jos\u00e9 Serra, a aprova\u00e7\u00e3o deste projeto contou com a articula\u00e7\u00e3o do presidente Frente Parlamentar das Santas Casas, deputado federal Antonio Brito (PSD\/BA), junto ao Congresso Nacional e ao Governo Federal.<\/p>\n<p>O aux\u00edlio financeiro deve ser aplicado na compra de medicamentos, insumos, equipamentos, realiza\u00e7\u00e3o de obras de reestrutura\u00e7\u00e3o f\u00edsica para aumento da oferta de leitos de terapia intensiva e contrata\u00e7\u00e3o de profissionais de sa\u00fade para atender a demanda adicional.<\/p>\n<p><em>\u201cAgrade\u00e7o a todos que entenderam e se empenharam na aprova\u00e7\u00e3o deste aux\u00edlio que vai socorrer estas importantes institui\u00e7\u00f5es, que v\u00eam sofrendo neste momento com o aumento de seus custos de presta\u00e7\u00e3o de servi\u00e7os \u00e0 popula\u00e7\u00e3o\u201d<\/em>, celebrou Antonio Brito. Com a san\u00e7\u00e3o, cabe agora ao Minist\u00e9rio da Sa\u00fade definir os crit\u00e9rios, em 15 dias, para a distribui\u00e7\u00e3o do recurso \u00e0s entidades de todo o pa\u00eds.<\/p>\n","protected":false},"excerpt":{"rendered":"<p>Foi publicada no Di\u00e1rio Oficial da Uni\u00e3o (DOU) desta quarta-feira (6) a Lei n\u00ba 13.995, sancionada pelo presidente Jair Bolsonaro, que prev\u00ea a transfer\u00eancia de R$ 2 bilh\u00f5es da Uni\u00e3o para as cerca de 2100 santas casas e hospitais filantr\u00f3picos para o combate \u00e0 pandemia de Covid-19. De autoria do senador Jos\u00e9 Serra, a aprova\u00e7\u00e3o [&hellip;]<\/p>\n","protected":false},"author":2,"featured_media":86572,"comment_status":"open","ping_status":"open","sticky":false,"template":"","format":"standard","meta":{"footnotes":"","_links_to":"","_links_to_target":""},"categories":[1],"tags":[],"class_list":["post-86570","post","type-post","status-publish","format-standard","has-post-thumbnail","hentry","category-geral"],"views":848,"_links":{"self":[{"href":"https:\/\/www.sudoestehoje.com.br\/novoportal\/wp-json\/wp\/v2\/posts\/86570","targetHints":{"allow":["GET"]}}],"collection":[{"href":"https:\/\/www.sudoestehoje.com.br\/novoportal\/wp-json\/wp\/v2\/posts"}],"about":[{"href":"https:\/\/www.sudoestehoje.com.br\/novoportal\/wp-json\/wp\/v2\/types\/post"}],"author":[{"embeddable":true,"href":"https:\/\/www.sudoestehoje.com.br\/novoportal\/wp-json\/wp\/v2\/users\/2"}],"replies":[{"embeddable":true,"href":"https:\/\/www.sudoestehoje.com.br\/novoportal\/wp-json\/wp\/v2\/comments?post=86570"}],"version-history":[{"count":2,"href":"https:\/\/www.sudoestehoje.com.br\/novoportal\/wp-json\/wp\/v2\/posts\/86570\/revisions"}],"predecessor-version":[{"id":86574,"href":"https:\/\/www.sudoestehoje.com.br\/novoportal\/wp-json\/wp\/v2\/posts\/86570\/revisions\/86574"}],"wp:featuredmedia":[{"embeddable":true,"href":"https:\/\/www.sudoestehoje.com.br\/novoportal\/wp-json\/wp\/v2\/media\/86572"}],"wp:attachment":[{"href":"https:\/\/www.sudoestehoje.com.br\/novoportal\/wp-json\/wp\/v2\/media?parent=86570"}],"wp:term":[{"taxonomy":"category","embeddable":true,"href":"https:\/\/www.sudoestehoje.com.br\/novoportal\/wp-json\/wp\/v2\/categories?post=86570"},{"taxonomy":"post_tag","embeddable":true,"href":"https:\/\/www.sudoestehoje.com.br\/novoportal\/wp-json\/wp\/v2\/tags?post=86570"}],"curies":[{"name":"wp","href":"https:\/\/api.w.org\/{rel}","templated":true}]}}