
{"id":86563,"date":"2020-05-06T00:28:07","date_gmt":"2020-05-06T03:28:07","guid":{"rendered":"https:\/\/www.sudoestehoje.com.br\/novoportal\/?p=86563"},"modified":"2020-05-06T00:28:07","modified_gmt":"2020-05-06T03:28:07","slug":"itapetinga-mulher-de-38-anos-morre-na-uti-do-hcr-e-vai-ser-testada-pelo-lacem","status":"publish","type":"post","link":"https:\/\/www.sudoestehoje.com.br\/novoportal\/2020\/05\/06\/itapetinga-mulher-de-38-anos-morre-na-uti-do-hcr-e-vai-ser-testada-pelo-lacem\/","title":{"rendered":"ITAPETINGA: MULHER DE 38 ANOS MORRE NA UTI DO HCR E VAI SER TESTADA PELO LACEM"},"content":{"rendered":"<p data-raofz=\"16\"><a href=\"https:\/\/www.sudoestehoje.com.br\/novoportal\/wp-content\/uploads\/2020\/05\/covid-banner.jpeg\"><img loading=\"lazy\" decoding=\"async\" class=\"aligncenter size-medium wp-image-86567\" src=\"https:\/\/www.sudoestehoje.com.br\/novoportal\/wp-content\/uploads\/2020\/05\/covid-banner-500x223.jpeg\" alt=\"\" width=\"500\" height=\"223\" srcset=\"https:\/\/www.sudoestehoje.com.br\/novoportal\/wp-content\/uploads\/2020\/05\/covid-banner-500x223.jpeg 500w, https:\/\/www.sudoestehoje.com.br\/novoportal\/wp-content\/uploads\/2020\/05\/covid-banner-700x313.jpeg 700w, https:\/\/www.sudoestehoje.com.br\/novoportal\/wp-content\/uploads\/2020\/05\/covid-banner-768x343.jpeg 768w, https:\/\/www.sudoestehoje.com.br\/novoportal\/wp-content\/uploads\/2020\/05\/covid-banner.jpeg 990w\" sizes=\"auto, (max-width: 500px) 100vw, 500px\" \/><\/a><\/p>\n<p data-raofz=\"16\">Faleceu no Hospital Cristo Redentor, na noite desta ter\u00e7a-feira, 05, uma mulher de 38 anos. Redes sociais j\u00e1 noticiam o falecimento como suspeito de Covid-19.<\/p>\n<p data-raofz=\"16\">Em nota, a Secretaria de Sa\u00fade de Itapetinga esclareceu que a v\u00edtima ainda n\u00e3o estava sendo considerada suspeita, uma vez que n\u00e3o apresentava dados epidemiol\u00f3gicos, nem resultado de exames de imagem condizentes com a doen\u00e7a.<\/p>\n<p data-raofz=\"16\">Por\u00e9m, por apresentar sintomas cl\u00ednicos, como febre, tosse com secre\u00e7\u00e3o, dificuldade respirat\u00f3ria com indica\u00e7\u00e3o de bronco aspira\u00e7\u00e3o, a paciente, que foi internada nesta segunda (4), no HCR, teve recomenda\u00e7\u00e3o para isolamento e material coletado hoje pela VIEP, ap\u00f3s o falecimento, como medida de seguran\u00e7a. O material ser\u00e1 enviado ao Lacen para an\u00e1lise, nesta quarta, 06.<\/p>\n<p data-raofz=\"16\">A v\u00edtima ser\u00e1 sepultada no distrito de Itaba\u00ed (Corg\u00e3o), no munic\u00edpio de Macarani, sua cidade natal.<\/p>\n<p data-raofz=\"16\">Como ditam os protocolos de seguran\u00e7a, o corpo sair\u00e1 do hospital em caix\u00e3o fechado e n\u00e3o haver\u00e1 vel\u00f3rio, conforme acordado pelos secret\u00e1rios de sa\u00fade de Itapetinga e Macarani. \/\/Ascom<\/p>\n","protected":false},"excerpt":{"rendered":"<p>Faleceu no Hospital Cristo Redentor, na noite desta ter\u00e7a-feira, 05, uma mulher de 38 anos. Redes sociais j\u00e1 noticiam o falecimento como suspeito de Covid-19. Em nota, a Secretaria de Sa\u00fade de Itapetinga esclareceu que a v\u00edtima ainda n\u00e3o estava sendo considerada suspeita, uma vez que n\u00e3o apresentava dados epidemiol\u00f3gicos, nem resultado de exames de [&hellip;]<\/p>\n","protected":false},"author":2,"featured_media":86567,"comment_status":"open","ping_status":"open","sticky":false,"template":"","format":"standard","meta":{"footnotes":"","_links_to":"","_links_to_target":""},"categories":[1],"tags":[],"class_list":["post-86563","post","type-post","status-publish","format-standard","has-post-thumbnail","hentry","category-geral"],"views":1638,"_links":{"self":[{"href":"https:\/\/www.sudoestehoje.com.br\/novoportal\/wp-json\/wp\/v2\/posts\/86563","targetHints":{"allow":["GET"]}}],"collection":[{"href":"https:\/\/www.sudoestehoje.com.br\/novoportal\/wp-json\/wp\/v2\/posts"}],"about":[{"href":"https:\/\/www.sudoestehoje.com.br\/novoportal\/wp-json\/wp\/v2\/types\/post"}],"author":[{"embeddable":true,"href":"https:\/\/www.sudoestehoje.com.br\/novoportal\/wp-json\/wp\/v2\/users\/2"}],"replies":[{"embeddable":true,"href":"https:\/\/www.sudoestehoje.com.br\/novoportal\/wp-json\/wp\/v2\/comments?post=86563"}],"version-history":[{"count":5,"href":"https:\/\/www.sudoestehoje.com.br\/novoportal\/wp-json\/wp\/v2\/posts\/86563\/revisions"}],"predecessor-version":[{"id":86569,"href":"https:\/\/www.sudoestehoje.com.br\/novoportal\/wp-json\/wp\/v2\/posts\/86563\/revisions\/86569"}],"wp:featuredmedia":[{"embeddable":true,"href":"https:\/\/www.sudoestehoje.com.br\/novoportal\/wp-json\/wp\/v2\/media\/86567"}],"wp:attachment":[{"href":"https:\/\/www.sudoestehoje.com.br\/novoportal\/wp-json\/wp\/v2\/media?parent=86563"}],"wp:term":[{"taxonomy":"category","embeddable":true,"href":"https:\/\/www.sudoestehoje.com.br\/novoportal\/wp-json\/wp\/v2\/categories?post=86563"},{"taxonomy":"post_tag","embeddable":true,"href":"https:\/\/www.sudoestehoje.com.br\/novoportal\/wp-json\/wp\/v2\/tags?post=86563"}],"curies":[{"name":"wp","href":"https:\/\/api.w.org\/{rel}","templated":true}]}}