
{"id":86533,"date":"2020-05-04T18:54:36","date_gmt":"2020-05-04T21:54:36","guid":{"rendered":"https:\/\/www.sudoestehoje.com.br\/novoportal\/?p=86533"},"modified":"2020-05-04T19:37:01","modified_gmt":"2020-05-04T22:37:01","slug":"itapetinga-camara-discute-reabertura-do-comercio-em-audiencia-publica-virtual","status":"publish","type":"post","link":"https:\/\/www.sudoestehoje.com.br\/novoportal\/2020\/05\/04\/itapetinga-camara-discute-reabertura-do-comercio-em-audiencia-publica-virtual\/","title":{"rendered":"ITAPETINGA: C\u00c2MARA DISCUTE REABERTURA DO COM\u00c9RCIO EM AUDI\u00caNCIA P\u00daBLICA VIRTUAL"},"content":{"rendered":"<p><a href=\"https:\/\/www.sudoestehoje.com.br\/novoportal\/wp-content\/uploads\/2020\/05\/audienciapublicavirtual-1.jpg\"><img loading=\"lazy\" decoding=\"async\" class=\"aligncenter size-medium wp-image-86534\" src=\"https:\/\/www.sudoestehoje.com.br\/novoportal\/wp-content\/uploads\/2020\/05\/audienciapublicavirtual-1-500x284.jpg\" alt=\"\" width=\"500\" height=\"284\" srcset=\"https:\/\/www.sudoestehoje.com.br\/novoportal\/wp-content\/uploads\/2020\/05\/audienciapublicavirtual-1-500x284.jpg 500w, https:\/\/www.sudoestehoje.com.br\/novoportal\/wp-content\/uploads\/2020\/05\/audienciapublicavirtual-1-700x398.jpg 700w, https:\/\/www.sudoestehoje.com.br\/novoportal\/wp-content\/uploads\/2020\/05\/audienciapublicavirtual-1-768x436.jpg 768w, https:\/\/www.sudoestehoje.com.br\/novoportal\/wp-content\/uploads\/2020\/05\/audienciapublicavirtual-1.jpg 940w\" sizes=\"auto, (max-width: 500px) 100vw, 500px\" \/><\/a><\/p>\n<p>Nesta segunda-feira (4), a C\u00e2mara Municipal de Itapetinga realizou a primeira audi\u00eancia p\u00fablica virtual da sua hist\u00f3ria, para discutir a reabertura do com\u00e9rcio, seus efeitos e as medidas de seguran\u00e7a adotadas para o funcionamento dos estabelecimentos comerciais durante a pandemia da covid-19, doen\u00e7a causada pelo novo coronav\u00edrus.<\/p>\n<p>Al\u00e9m dos vereadores, participaram da audi\u00eancia os seguintes convidados: o secret\u00e1rio municipal de Sa\u00fade, Hugo Sousa; a coordenadora da Funda\u00e7\u00e3o Jos\u00e9 Silveira\/Hospital Cristo Redentor, Ana B\u00e1rbara Matos; o gerente executivo da C\u00e2mara de Dirigentes Lojistas de Itapetinga (CDL), Eduardo Cardoso, e o vice-presidente da entidade, Oniel Brand\u00e3o, al\u00e9m do presidente e da vice-presidente do Sindicato dos Comerci\u00e1rios, Wellinton Brito e Francine Martins, respectivamente.<\/p>\n<p>Na abertura da audi\u00eancia p\u00fablica virtual, a presidente Naara Duarte explicou que a proposta do evento foi de iniciativa da mesa diretora e contou com a aprova\u00e7\u00e3o de todos os parlamentares municipais, com o objetivo de promover o di\u00e1logo entre os setores envolvidos diretamente no enfrentamento da pandemia no munic\u00edpio, garantindo a participa\u00e7\u00e3o popular e prestando esclarecimentos importantes \u00e0 comunidade sobre o funcionamento do com\u00e9rcio e as medidas que v\u00eam sendo implementadas visando \u00e0 prote\u00e7\u00e3o da sa\u00fade de todos.<\/p>\n<p><span style=\"color: #0000ff;\"><strong><a style=\"color: #0000ff;\" href=\"https:\/\/www.itapetinga.ba.leg.br\/site\/2020\/05\/04\/camara-discute-reabertura-do-comercio-em-audiencia-publica-virtual\/\">CONFIRA MAT\u00c9RIA COMPLETA<\/a><\/strong><\/span><\/p>\n","protected":false},"excerpt":{"rendered":"<p>Nesta segunda-feira (4), a C\u00e2mara Municipal de Itapetinga realizou a primeira audi\u00eancia p\u00fablica virtual da sua hist\u00f3ria, para discutir a reabertura do com\u00e9rcio, seus efeitos e as medidas de seguran\u00e7a adotadas para o funcionamento dos estabelecimentos comerciais durante a pandemia da covid-19, doen\u00e7a causada pelo novo coronav\u00edrus. Al\u00e9m dos vereadores, participaram da audi\u00eancia os seguintes [&hellip;]<\/p>\n","protected":false},"author":2,"featured_media":86534,"comment_status":"open","ping_status":"open","sticky":false,"template":"","format":"standard","meta":{"footnotes":"","_links_to":"","_links_to_target":""},"categories":[1],"tags":[],"class_list":["post-86533","post","type-post","status-publish","format-standard","has-post-thumbnail","hentry","category-geral"],"views":1061,"_links":{"self":[{"href":"https:\/\/www.sudoestehoje.com.br\/novoportal\/wp-json\/wp\/v2\/posts\/86533","targetHints":{"allow":["GET"]}}],"collection":[{"href":"https:\/\/www.sudoestehoje.com.br\/novoportal\/wp-json\/wp\/v2\/posts"}],"about":[{"href":"https:\/\/www.sudoestehoje.com.br\/novoportal\/wp-json\/wp\/v2\/types\/post"}],"author":[{"embeddable":true,"href":"https:\/\/www.sudoestehoje.com.br\/novoportal\/wp-json\/wp\/v2\/users\/2"}],"replies":[{"embeddable":true,"href":"https:\/\/www.sudoestehoje.com.br\/novoportal\/wp-json\/wp\/v2\/comments?post=86533"}],"version-history":[{"count":2,"href":"https:\/\/www.sudoestehoje.com.br\/novoportal\/wp-json\/wp\/v2\/posts\/86533\/revisions"}],"predecessor-version":[{"id":86536,"href":"https:\/\/www.sudoestehoje.com.br\/novoportal\/wp-json\/wp\/v2\/posts\/86533\/revisions\/86536"}],"wp:featuredmedia":[{"embeddable":true,"href":"https:\/\/www.sudoestehoje.com.br\/novoportal\/wp-json\/wp\/v2\/media\/86534"}],"wp:attachment":[{"href":"https:\/\/www.sudoestehoje.com.br\/novoportal\/wp-json\/wp\/v2\/media?parent=86533"}],"wp:term":[{"taxonomy":"category","embeddable":true,"href":"https:\/\/www.sudoestehoje.com.br\/novoportal\/wp-json\/wp\/v2\/categories?post=86533"},{"taxonomy":"post_tag","embeddable":true,"href":"https:\/\/www.sudoestehoje.com.br\/novoportal\/wp-json\/wp\/v2\/tags?post=86533"}],"curies":[{"name":"wp","href":"https:\/\/api.w.org\/{rel}","templated":true}]}}