
{"id":86523,"date":"2020-05-03T23:35:22","date_gmt":"2020-05-04T02:35:22","guid":{"rendered":"https:\/\/www.sudoestehoje.com.br\/novoportal\/?p=86523"},"modified":"2020-05-03T23:35:22","modified_gmt":"2020-05-04T02:35:22","slug":"itapetinga-pessoas-dormem-na-porta-da-caixa-para-receber-auxilio-do-governo","status":"publish","type":"post","link":"https:\/\/www.sudoestehoje.com.br\/novoportal\/2020\/05\/03\/itapetinga-pessoas-dormem-na-porta-da-caixa-para-receber-auxilio-do-governo\/","title":{"rendered":"ITAPETINGA: PESSOAS DORMEM NA PORTA DA CAIXA PARA RECEBER AUX\u00cdLIO DO GOVERNO"},"content":{"rendered":"<p><a href=\"https:\/\/www.sudoestehoje.com.br\/novoportal\/wp-content\/uploads\/2020\/05\/domindo-na-caixa.jpeg\"><img loading=\"lazy\" decoding=\"async\" class=\"aligncenter size-medium wp-image-86524\" src=\"https:\/\/www.sudoestehoje.com.br\/novoportal\/wp-content\/uploads\/2020\/05\/domindo-na-caixa-500x243.jpeg\" alt=\"\" width=\"500\" height=\"243\" srcset=\"https:\/\/www.sudoestehoje.com.br\/novoportal\/wp-content\/uploads\/2020\/05\/domindo-na-caixa-500x243.jpeg 500w, https:\/\/www.sudoestehoje.com.br\/novoportal\/wp-content\/uploads\/2020\/05\/domindo-na-caixa-700x340.jpeg 700w, https:\/\/www.sudoestehoje.com.br\/novoportal\/wp-content\/uploads\/2020\/05\/domindo-na-caixa-768x373.jpeg 768w, https:\/\/www.sudoestehoje.com.br\/novoportal\/wp-content\/uploads\/2020\/05\/domindo-na-caixa.jpeg 1280w\" sizes=\"auto, (max-width: 500px) 100vw, 500px\" \/><\/a><\/p>\n<p>No in\u00edcio da noite deste domingo (3), um grupo de pessoas j\u00e1 come\u00e7ava a se acomodar em frente \u00e0 ag\u00eancia da Caixa, no centro comercial de Itapetinga, para marcar vaga na fila que ser\u00e1 formada a partir de amanh\u00e3 (segunda), para receber parcela do aux\u00edlio concedido pelo governo, para pessoas cadastradas nos programas sociais.<\/p>\n<p>Como na maioria das cidades, grandes aglomera\u00e7\u00f5es de pessoas se formam em frente \u00e0 ag\u00eancia da Caixa Econ\u00f4mica Federal em Itapetinga, o que facilita a propaga\u00e7\u00e3o do Coronav\u00edrus, apesar das provid\u00eancias adotadas pelo pr\u00f3prio banco e pela prefeitura, que instalou grades e toldos para organizar as filas e dar mais conforto aos usu\u00e1rios.<\/p>\n<p>Tempos dif\u00edceis&#8230;<\/p>\n<p><strong><em>Por Davi Ferraz<\/em><\/strong><\/p>\n","protected":false},"excerpt":{"rendered":"<p>No in\u00edcio da noite deste domingo (3), um grupo de pessoas j\u00e1 come\u00e7ava a se acomodar em frente \u00e0 ag\u00eancia da Caixa, no centro comercial de Itapetinga, para marcar vaga na fila que ser\u00e1 formada a partir de amanh\u00e3 (segunda), para receber parcela do aux\u00edlio concedido pelo governo, para pessoas cadastradas nos programas sociais. Como [&hellip;]<\/p>\n","protected":false},"author":2,"featured_media":86524,"comment_status":"open","ping_status":"open","sticky":false,"template":"","format":"standard","meta":{"footnotes":"","_links_to":"","_links_to_target":""},"categories":[1],"tags":[],"class_list":["post-86523","post","type-post","status-publish","format-standard","has-post-thumbnail","hentry","category-geral"],"views":1691,"_links":{"self":[{"href":"https:\/\/www.sudoestehoje.com.br\/novoportal\/wp-json\/wp\/v2\/posts\/86523","targetHints":{"allow":["GET"]}}],"collection":[{"href":"https:\/\/www.sudoestehoje.com.br\/novoportal\/wp-json\/wp\/v2\/posts"}],"about":[{"href":"https:\/\/www.sudoestehoje.com.br\/novoportal\/wp-json\/wp\/v2\/types\/post"}],"author":[{"embeddable":true,"href":"https:\/\/www.sudoestehoje.com.br\/novoportal\/wp-json\/wp\/v2\/users\/2"}],"replies":[{"embeddable":true,"href":"https:\/\/www.sudoestehoje.com.br\/novoportal\/wp-json\/wp\/v2\/comments?post=86523"}],"version-history":[{"count":2,"href":"https:\/\/www.sudoestehoje.com.br\/novoportal\/wp-json\/wp\/v2\/posts\/86523\/revisions"}],"predecessor-version":[{"id":86526,"href":"https:\/\/www.sudoestehoje.com.br\/novoportal\/wp-json\/wp\/v2\/posts\/86523\/revisions\/86526"}],"wp:featuredmedia":[{"embeddable":true,"href":"https:\/\/www.sudoestehoje.com.br\/novoportal\/wp-json\/wp\/v2\/media\/86524"}],"wp:attachment":[{"href":"https:\/\/www.sudoestehoje.com.br\/novoportal\/wp-json\/wp\/v2\/media?parent=86523"}],"wp:term":[{"taxonomy":"category","embeddable":true,"href":"https:\/\/www.sudoestehoje.com.br\/novoportal\/wp-json\/wp\/v2\/categories?post=86523"},{"taxonomy":"post_tag","embeddable":true,"href":"https:\/\/www.sudoestehoje.com.br\/novoportal\/wp-json\/wp\/v2\/tags?post=86523"}],"curies":[{"name":"wp","href":"https:\/\/api.w.org\/{rel}","templated":true}]}}