
{"id":86518,"date":"2020-05-03T22:12:46","date_gmt":"2020-05-04T01:12:46","guid":{"rendered":"https:\/\/www.sudoestehoje.com.br\/novoportal\/?p=86518"},"modified":"2020-05-03T22:12:46","modified_gmt":"2020-05-04T01:12:46","slug":"itapetinga-novo-decreto-prorroga-reinicio-das-aulas-na-rede-municipal","status":"publish","type":"post","link":"https:\/\/www.sudoestehoje.com.br\/novoportal\/2020\/05\/03\/itapetinga-novo-decreto-prorroga-reinicio-das-aulas-na-rede-municipal\/","title":{"rendered":"ITAPETINGA: NOVO DECRETO PRORROGA REIN\u00cdCIO DAS AULAS NA REDE MUNICIPAL"},"content":{"rendered":"<div><a href=\"https:\/\/www.sudoestehoje.com.br\/novoportal\/wp-content\/uploads\/2020\/05\/sala-vazia-paula-froes.jpg\"><img loading=\"lazy\" decoding=\"async\" class=\"aligncenter size-medium wp-image-86521\" src=\"https:\/\/www.sudoestehoje.com.br\/novoportal\/wp-content\/uploads\/2020\/05\/sala-vazia-paula-froes-500x333.jpg\" alt=\"\" width=\"500\" height=\"333\" srcset=\"https:\/\/www.sudoestehoje.com.br\/novoportal\/wp-content\/uploads\/2020\/05\/sala-vazia-paula-froes-500x333.jpg 500w, https:\/\/www.sudoestehoje.com.br\/novoportal\/wp-content\/uploads\/2020\/05\/sala-vazia-paula-froes-700x467.jpg 700w, https:\/\/www.sudoestehoje.com.br\/novoportal\/wp-content\/uploads\/2020\/05\/sala-vazia-paula-froes-768x512.jpg 768w, https:\/\/www.sudoestehoje.com.br\/novoportal\/wp-content\/uploads\/2020\/05\/sala-vazia-paula-froes.jpg 984w\" sizes=\"auto, (max-width: 500px) 100vw, 500px\" \/><\/a><\/div>\n<div class=\"entry-headline h5\">Neste s\u00e1bado, 02, a prefeitura de Itapetinga editou novo decreto prorrogando a suspens\u00e3o das aulas na rede municipal. Segundo o documento, as escolas dever\u00e3o permanecer fechadas at\u00e9 o dia 30 de maio.<\/div>\n<p>O munic\u00edpio afirma a necessidade de se adequar o calend\u00e1rio para n\u00e3o prejudicar o ano letivo.<\/p>\n<p>Para o prefeito Rodrigo Hagge, \u201cas escolas devem ser os \u00faltimos estabelecimentos a serem reabertos. N\u00f3s sabemos que as crian\u00e7as s\u00e3o potenciais transmissoras da doen\u00e7a, apesar de nem sempre apresentarem sintomas. Al\u00e9m disso, mantendo os jovens em casa n\u00f3s reduzimos a exposi\u00e7\u00e3o deles e de todos os familiares\u201d.<\/p>\n<p>\u201cN\u00f3s estamos planejando formas de reorganizar o calend\u00e1rio para que os alunos n\u00e3o sejam prejudicados quanto ao conte\u00fado do ano letivo. Enquanto n\u00e3o podemos voltar para a sala de aula, os professores t\u00eam disponibilizado material online atrav\u00e9s de plataformas de estudo, lives e grupos de whatsapp. Estamos cuidando para diminuir os danos educacionais dos nossos alunos\u201d, afirmou o secret\u00e1rio Geraldo Trindade.<\/p>\n","protected":false},"excerpt":{"rendered":"<p>Neste s\u00e1bado, 02, a prefeitura de Itapetinga editou novo decreto prorrogando a suspens\u00e3o das aulas na rede municipal. Segundo o documento, as escolas dever\u00e3o permanecer fechadas at\u00e9 o dia 30 de maio. O munic\u00edpio afirma a necessidade de se adequar o calend\u00e1rio para n\u00e3o prejudicar o ano letivo. Para o prefeito Rodrigo Hagge, \u201cas escolas [&hellip;]<\/p>\n","protected":false},"author":2,"featured_media":86521,"comment_status":"open","ping_status":"open","sticky":false,"template":"","format":"standard","meta":{"footnotes":"","_links_to":"","_links_to_target":""},"categories":[1],"tags":[],"class_list":["post-86518","post","type-post","status-publish","format-standard","has-post-thumbnail","hentry","category-geral"],"views":1178,"_links":{"self":[{"href":"https:\/\/www.sudoestehoje.com.br\/novoportal\/wp-json\/wp\/v2\/posts\/86518","targetHints":{"allow":["GET"]}}],"collection":[{"href":"https:\/\/www.sudoestehoje.com.br\/novoportal\/wp-json\/wp\/v2\/posts"}],"about":[{"href":"https:\/\/www.sudoestehoje.com.br\/novoportal\/wp-json\/wp\/v2\/types\/post"}],"author":[{"embeddable":true,"href":"https:\/\/www.sudoestehoje.com.br\/novoportal\/wp-json\/wp\/v2\/users\/2"}],"replies":[{"embeddable":true,"href":"https:\/\/www.sudoestehoje.com.br\/novoportal\/wp-json\/wp\/v2\/comments?post=86518"}],"version-history":[{"count":3,"href":"https:\/\/www.sudoestehoje.com.br\/novoportal\/wp-json\/wp\/v2\/posts\/86518\/revisions"}],"predecessor-version":[{"id":86522,"href":"https:\/\/www.sudoestehoje.com.br\/novoportal\/wp-json\/wp\/v2\/posts\/86518\/revisions\/86522"}],"wp:featuredmedia":[{"embeddable":true,"href":"https:\/\/www.sudoestehoje.com.br\/novoportal\/wp-json\/wp\/v2\/media\/86521"}],"wp:attachment":[{"href":"https:\/\/www.sudoestehoje.com.br\/novoportal\/wp-json\/wp\/v2\/media?parent=86518"}],"wp:term":[{"taxonomy":"category","embeddable":true,"href":"https:\/\/www.sudoestehoje.com.br\/novoportal\/wp-json\/wp\/v2\/categories?post=86518"},{"taxonomy":"post_tag","embeddable":true,"href":"https:\/\/www.sudoestehoje.com.br\/novoportal\/wp-json\/wp\/v2\/tags?post=86518"}],"curies":[{"name":"wp","href":"https:\/\/api.w.org\/{rel}","templated":true}]}}