
{"id":86481,"date":"2020-05-01T13:14:40","date_gmt":"2020-05-01T16:14:40","guid":{"rendered":"https:\/\/www.sudoestehoje.com.br\/novoportal\/?p=86481"},"modified":"2020-05-01T13:14:40","modified_gmt":"2020-05-01T16:14:40","slug":"itapetinga-prefeitura-divulga-calendario-de-distribuicao-de-kit-merenda-escolar","status":"publish","type":"post","link":"https:\/\/www.sudoestehoje.com.br\/novoportal\/2020\/05\/01\/itapetinga-prefeitura-divulga-calendario-de-distribuicao-de-kit-merenda-escolar\/","title":{"rendered":"ITAPETINGA: PREFEITURA DIVULGA CALEND\u00c1RIO DE DISTRIBUI\u00c7\u00c3O DE KIT MERENDA ESCOLAR"},"content":{"rendered":"<p><a href=\"https:\/\/www.sudoestehoje.com.br\/novoportal\/wp-content\/uploads\/2020\/05\/merenda-cestas.jpg\"><img loading=\"lazy\" decoding=\"async\" class=\"aligncenter size-medium wp-image-86482\" src=\"https:\/\/www.sudoestehoje.com.br\/novoportal\/wp-content\/uploads\/2020\/05\/merenda-cestas-500x261.jpg\" alt=\"\" width=\"500\" height=\"261\" srcset=\"https:\/\/www.sudoestehoje.com.br\/novoportal\/wp-content\/uploads\/2020\/05\/merenda-cestas-500x261.jpg 500w, https:\/\/www.sudoestehoje.com.br\/novoportal\/wp-content\/uploads\/2020\/05\/merenda-cestas.jpg 540w\" sizes=\"auto, (max-width: 500px) 100vw, 500px\" \/><\/a><\/p>\n<p><strong><em>Ascom<\/em><\/strong><\/p>\n<p>Na pr\u00f3xima segunda-feira, 04, a Secretaria de Educa\u00e7\u00e3o dar\u00e1 in\u00edcio \u00e0 distribui\u00e7\u00e3o dos kits de merenda escolar. Composto por sete itens, o kit tem o objetivo de garantir a seguran\u00e7a alimentar daqueles alunos que tinham a merenda como uma das principais refei\u00e7\u00f5es.<\/p>\n<p>O prefeito Rodrigo Hagge explicou que uma lei federal, editada em virtude da pandemia, permite a utiliza\u00e7\u00e3o dos recursos da merenda escolar para aquisi\u00e7\u00e3o desses kits. Mas o valor \u00e9 insuficiente para atender os 11.000 alunos da rede. \u201cDesde o primeiro ano da nossa gest\u00e3o a prefeitura investe recurso pr\u00f3prio para complementar em quantidade e qualidade a merenda. Cada aluno recebe, por m\u00eas, o valor equivalente a R$ 7,00. Todo ano, investimos cerca de R$ 600 mil para oferecer uma alimenta\u00e7\u00e3o de qualidade aos nossos estudantes. Desde que suspendemos as aulas temos estudando formas legais e poss\u00edveis para oferecer os kits \u00e0s fam\u00edlias\u201d, explicou o prefeito<\/p>\n<p>A distribui\u00e7\u00e3o acontecer\u00e1 nas escolas, no turno de estudo de cada aluno. Os respons\u00e1veis devem ir sozinhos, no hor\u00e1rio correspondente. \u201cN\u00e3o precisa fila nem aglomera\u00e7\u00e3o. Temos kits para todos os alunos. Pedimos que os respons\u00e1veis n\u00e3o levem as crian\u00e7as, respeitem a dist\u00e2ncia segura e usem m\u00e1scaras. Ningu\u00e9m poder\u00e1 entrar na escola sem m\u00e1scaras\u201d, explicou o secret\u00e1rio Geraldo Trindade.<\/p>\n<p>Observem o calend\u00e1rio de distribui\u00e7\u00e3o dos kits.<\/p>\n<p><strong>Dia: 04 e 05 de maio (segunda e ter\u00e7a-feira)<\/strong><\/p>\n<p><strong>Todas as escolas e creches da Rede Municipal, no turno de estudo do aluno.<\/strong><\/p>\n<p><strong>As escolas maiores ter\u00e3o Calend\u00e1rio Especial:<\/strong><\/p>\n<p><strong>Col\u00e9gio Jos\u00e9 Marcos Gusm\u00e3o e CAIC<\/strong><\/p>\n<p><strong>04\/05 \u2013 Turmas do 6\u00b0 e 8\u00ba ano e EJA<\/strong><\/p>\n<p><strong>05\/05 \u2013 Turmas do 7\u00b0 e 9\u00b0 ano e EJA<\/strong><\/p>\n<p><strong>Escola Manoel Novaes e Col\u00e9gio Dona Geni (Bandeira)<\/strong><\/p>\n<p><strong>04\/05 \u2013 Turmas do 1\u00b0 ao 5\u00ba ano e EJA<\/strong><\/p>\n<p><strong>05\/05 \u2013 Turmas do 6\u00b0 ao 9\u00b0 ano<\/strong><\/p>\n<ul>\n<li><strong>Escola Ismael Cruz<\/strong><\/li>\n<\/ul>\n<p><strong>04\/05 \u2013 Turmas do 2\u00b0 e 3\u00b0 ano<\/strong><\/p>\n<p><strong>05\/05 \u2013 Turmas do 4\u00b0 e 5\u00b0 ano<\/strong><\/p>\n","protected":false},"excerpt":{"rendered":"<p>Ascom Na pr\u00f3xima segunda-feira, 04, a Secretaria de Educa\u00e7\u00e3o dar\u00e1 in\u00edcio \u00e0 distribui\u00e7\u00e3o dos kits de merenda escolar. Composto por sete itens, o kit tem o objetivo de garantir a seguran\u00e7a alimentar daqueles alunos que tinham a merenda como uma das principais refei\u00e7\u00f5es. O prefeito Rodrigo Hagge explicou que uma lei federal, editada em virtude [&hellip;]<\/p>\n","protected":false},"author":2,"featured_media":86482,"comment_status":"open","ping_status":"open","sticky":false,"template":"","format":"standard","meta":{"footnotes":"","_links_to":"","_links_to_target":""},"categories":[1],"tags":[],"class_list":["post-86481","post","type-post","status-publish","format-standard","has-post-thumbnail","hentry","category-geral"],"views":1113,"_links":{"self":[{"href":"https:\/\/www.sudoestehoje.com.br\/novoportal\/wp-json\/wp\/v2\/posts\/86481","targetHints":{"allow":["GET"]}}],"collection":[{"href":"https:\/\/www.sudoestehoje.com.br\/novoportal\/wp-json\/wp\/v2\/posts"}],"about":[{"href":"https:\/\/www.sudoestehoje.com.br\/novoportal\/wp-json\/wp\/v2\/types\/post"}],"author":[{"embeddable":true,"href":"https:\/\/www.sudoestehoje.com.br\/novoportal\/wp-json\/wp\/v2\/users\/2"}],"replies":[{"embeddable":true,"href":"https:\/\/www.sudoestehoje.com.br\/novoportal\/wp-json\/wp\/v2\/comments?post=86481"}],"version-history":[{"count":3,"href":"https:\/\/www.sudoestehoje.com.br\/novoportal\/wp-json\/wp\/v2\/posts\/86481\/revisions"}],"predecessor-version":[{"id":86485,"href":"https:\/\/www.sudoestehoje.com.br\/novoportal\/wp-json\/wp\/v2\/posts\/86481\/revisions\/86485"}],"wp:featuredmedia":[{"embeddable":true,"href":"https:\/\/www.sudoestehoje.com.br\/novoportal\/wp-json\/wp\/v2\/media\/86482"}],"wp:attachment":[{"href":"https:\/\/www.sudoestehoje.com.br\/novoportal\/wp-json\/wp\/v2\/media?parent=86481"}],"wp:term":[{"taxonomy":"category","embeddable":true,"href":"https:\/\/www.sudoestehoje.com.br\/novoportal\/wp-json\/wp\/v2\/categories?post=86481"},{"taxonomy":"post_tag","embeddable":true,"href":"https:\/\/www.sudoestehoje.com.br\/novoportal\/wp-json\/wp\/v2\/tags?post=86481"}],"curies":[{"name":"wp","href":"https:\/\/api.w.org\/{rel}","templated":true}]}}