
{"id":86476,"date":"2020-04-30T22:44:25","date_gmt":"2020-05-01T01:44:25","guid":{"rendered":"https:\/\/www.sudoestehoje.com.br\/novoportal\/?p=86476"},"modified":"2020-04-30T22:44:25","modified_gmt":"2020-05-01T01:44:25","slug":"loja-da-cesta-do-povo-oferece-cesta-basica-pronta-ao-inves-de-vale-de-r-55-reais-a-estudantes-deu-confusao","status":"publish","type":"post","link":"https:\/\/www.sudoestehoje.com.br\/novoportal\/2020\/04\/30\/loja-da-cesta-do-povo-oferece-cesta-basica-pronta-ao-inves-de-vale-de-r-55-reais-a-estudantes-deu-confusao\/","title":{"rendered":"LOJA DA CESTA DO POVO OFERECE CESTA B\u00c1SICA PRONTA AO INV\u00c9S DE VALE DE R$ 55 REAIS A ESTUDANTES; DEU CONFUS\u00c3O"},"content":{"rendered":"<p><a href=\"https:\/\/www.sudoestehoje.com.br\/novoportal\/wp-content\/uploads\/2020\/04\/CESTA-DO-POVO.jpg\"><img loading=\"lazy\" decoding=\"async\" class=\"aligncenter size-medium wp-image-86479\" src=\"https:\/\/www.sudoestehoje.com.br\/novoportal\/wp-content\/uploads\/2020\/04\/CESTA-DO-POVO-500x281.jpg\" alt=\"\" width=\"500\" height=\"281\" srcset=\"https:\/\/www.sudoestehoje.com.br\/novoportal\/wp-content\/uploads\/2020\/04\/CESTA-DO-POVO-500x281.jpg 500w, https:\/\/www.sudoestehoje.com.br\/novoportal\/wp-content\/uploads\/2020\/04\/CESTA-DO-POVO-700x393.jpg 700w, https:\/\/www.sudoestehoje.com.br\/novoportal\/wp-content\/uploads\/2020\/04\/CESTA-DO-POVO-768x431.jpg 768w, https:\/\/www.sudoestehoje.com.br\/novoportal\/wp-content\/uploads\/2020\/04\/CESTA-DO-POVO.jpg 890w\" sizes=\"auto, (max-width: 500px) 100vw, 500px\" \/><\/a><\/p>\n<p>Pais de estudantes da rede estadual de ensino acusaram a cesta do Povo, localizada na Avenida Ogunj\u00e1, em Salvador, de obrig\u00e1-los a levarem alimentos escolhidos pelo pr\u00f3prio supermercado como forma do vale-alimenta\u00e7\u00e3o disponibilizado pelo governo para alunos que estudam em col\u00e9gios estaduais. Por conta disso, houve confus\u00e3o na fila do estabelecimento na manh\u00e3 desta quinta-feira (30).<\/p>\n<p>Em um aviso exposto na frente do supermercado, \u00e9 poss\u00edvel saber quais os itens que comp\u00f5em a cesta montada pelo estabelecimento. No entanto, os pais alegam que a compra dos produtos, no valor de R$ 55, \u00e9 de livre escolha.<\/p>\n<p>Em um v\u00eddeo enviado \u00e0 reportagem, \u00e9 poss\u00edvel ver um funcion\u00e1rio do supermercado explicando que a oferta da cesta b\u00e1sica se deu devido \u00e0\u00a0queda do sistema que registra as vendas no local.<\/p>\n<p>A pasta orienta ainda que &#8220;v\u00e1 apenas uma pessoa (estudante, pai, m\u00e3e ou respons\u00e1vel) ao supermercado, para evitar aglomera\u00e7\u00f5es e que seja feito o uso da m\u00e1scara de prote\u00e7\u00e3o individual&#8221;.<\/p>\n","protected":false},"excerpt":{"rendered":"<p>Pais de estudantes da rede estadual de ensino acusaram a cesta do Povo, localizada na Avenida Ogunj\u00e1, em Salvador, de obrig\u00e1-los a levarem alimentos escolhidos pelo pr\u00f3prio supermercado como forma do vale-alimenta\u00e7\u00e3o disponibilizado pelo governo para alunos que estudam em col\u00e9gios estaduais. Por conta disso, houve confus\u00e3o na fila do estabelecimento na manh\u00e3 desta quinta-feira [&hellip;]<\/p>\n","protected":false},"author":2,"featured_media":86479,"comment_status":"open","ping_status":"open","sticky":false,"template":"","format":"standard","meta":{"footnotes":"","_links_to":"","_links_to_target":""},"categories":[1],"tags":[],"class_list":["post-86476","post","type-post","status-publish","format-standard","has-post-thumbnail","hentry","category-geral"],"views":1813,"_links":{"self":[{"href":"https:\/\/www.sudoestehoje.com.br\/novoportal\/wp-json\/wp\/v2\/posts\/86476","targetHints":{"allow":["GET"]}}],"collection":[{"href":"https:\/\/www.sudoestehoje.com.br\/novoportal\/wp-json\/wp\/v2\/posts"}],"about":[{"href":"https:\/\/www.sudoestehoje.com.br\/novoportal\/wp-json\/wp\/v2\/types\/post"}],"author":[{"embeddable":true,"href":"https:\/\/www.sudoestehoje.com.br\/novoportal\/wp-json\/wp\/v2\/users\/2"}],"replies":[{"embeddable":true,"href":"https:\/\/www.sudoestehoje.com.br\/novoportal\/wp-json\/wp\/v2\/comments?post=86476"}],"version-history":[{"count":3,"href":"https:\/\/www.sudoestehoje.com.br\/novoportal\/wp-json\/wp\/v2\/posts\/86476\/revisions"}],"predecessor-version":[{"id":86480,"href":"https:\/\/www.sudoestehoje.com.br\/novoportal\/wp-json\/wp\/v2\/posts\/86476\/revisions\/86480"}],"wp:featuredmedia":[{"embeddable":true,"href":"https:\/\/www.sudoestehoje.com.br\/novoportal\/wp-json\/wp\/v2\/media\/86479"}],"wp:attachment":[{"href":"https:\/\/www.sudoestehoje.com.br\/novoportal\/wp-json\/wp\/v2\/media?parent=86476"}],"wp:term":[{"taxonomy":"category","embeddable":true,"href":"https:\/\/www.sudoestehoje.com.br\/novoportal\/wp-json\/wp\/v2\/categories?post=86476"},{"taxonomy":"post_tag","embeddable":true,"href":"https:\/\/www.sudoestehoje.com.br\/novoportal\/wp-json\/wp\/v2\/tags?post=86476"}],"curies":[{"name":"wp","href":"https:\/\/api.w.org\/{rel}","templated":true}]}}