
{"id":86467,"date":"2020-04-30T18:48:33","date_gmt":"2020-04-30T21:48:33","guid":{"rendered":"https:\/\/www.sudoestehoje.com.br\/novoportal\/?p=86467"},"modified":"2020-04-30T18:48:33","modified_gmt":"2020-04-30T21:48:33","slug":"sem-vacina-nao-tem-carnaval-diz-rui","status":"publish","type":"post","link":"https:\/\/www.sudoestehoje.com.br\/novoportal\/2020\/04\/30\/sem-vacina-nao-tem-carnaval-diz-rui\/","title":{"rendered":"&#8220;SEM VACINA N\u00c3O TEM CARNAVAL&#8221;, DIZ RUI"},"content":{"rendered":"<p><a href=\"https:\/\/www.sudoestehoje.com.br\/novoportal\/wp-content\/uploads\/2020\/04\/CARNAVAL.jpg\"><img loading=\"lazy\" decoding=\"async\" class=\"aligncenter size-medium wp-image-86468\" src=\"https:\/\/www.sudoestehoje.com.br\/novoportal\/wp-content\/uploads\/2020\/04\/CARNAVAL-500x311.jpg\" alt=\"\" width=\"500\" height=\"311\" srcset=\"https:\/\/www.sudoestehoje.com.br\/novoportal\/wp-content\/uploads\/2020\/04\/CARNAVAL-500x311.jpg 500w, https:\/\/www.sudoestehoje.com.br\/novoportal\/wp-content\/uploads\/2020\/04\/CARNAVAL-700x436.jpg 700w, https:\/\/www.sudoestehoje.com.br\/novoportal\/wp-content\/uploads\/2020\/04\/CARNAVAL-768x478.jpg 768w, https:\/\/www.sudoestehoje.com.br\/novoportal\/wp-content\/uploads\/2020\/04\/CARNAVAL.jpg 940w\" sizes=\"auto, (max-width: 500px) 100vw, 500px\" \/><\/a><\/p>\n<p>O governador Rui Costa (PT) compartilhou da opini\u00e3o do prefeito ACM Neto sobre a realiza\u00e7\u00e3o do Carnaval de Salvador em 2021. De acordo com o petista, \u00e9 imposs\u00edvel pensar na folia momesca ou em qualquer outro evento que promova aglomera\u00e7\u00e3o, sem que haja uma vacina para a Covid-19.<\/p>\n<p>\u201cN\u00e3o tenho d\u00favida, nem Carnaval, nem reveill\u00f3n. N\u00e3o s\u00f3 no Brasil, no mundo inteiro, n\u00e3o haver\u00e1 show enquanto n\u00e3o tiver a vacina, por que n\u00f3s podemos ter uma segunda ou terceira onde de contamina\u00e7\u00e3o e matar milh\u00f5es de pessoas. N\u00e3o haver\u00e1, com certeza, aglomera\u00e7\u00e3o de pessoas\u201d, assegurou o governador em entrevista ao Balan\u00e7o Geral, da Record TV Itapoan.<\/p>\n<p>A situa\u00e7\u00e3o \u00e9 a mesma que passa o tradicional S\u00e3o Jo\u00e3o nos cidades do interior da Bahia, que tiveram as festas suspensas. Rui afirmou que o problema n\u00e3o \u00e9 o financiamento, mas sim a aglomera\u00e7\u00e3o de pessoas, portanto, n\u00e3o poder\u00e1 ser feito nenhum evento , seja p\u00fablico ou privado.<\/p>\n<p>\u201cO v\u00edrus vai estar circulando o ano inteiro, no mundo inteiro, at\u00e9 se produzir uma vacina. Vi a OMS anunciar que a vacina s\u00f3 deve estar dispon\u00edvel com produ\u00e7\u00e3o em escala mundial, em um cen\u00e1rio otimista, em 9 ou 10 meses, ent\u00e3o n\u00e3o haver\u00e1 aglomera\u00e7\u00e3o neste per\u00edodo\u201d<\/p>\n","protected":false},"excerpt":{"rendered":"<p>O governador Rui Costa (PT) compartilhou da opini\u00e3o do prefeito ACM Neto sobre a realiza\u00e7\u00e3o do Carnaval de Salvador em 2021. De acordo com o petista, \u00e9 imposs\u00edvel pensar na folia momesca ou em qualquer outro evento que promova aglomera\u00e7\u00e3o, sem que haja uma vacina para a Covid-19. \u201cN\u00e3o tenho d\u00favida, nem Carnaval, nem reveill\u00f3n. [&hellip;]<\/p>\n","protected":false},"author":2,"featured_media":86468,"comment_status":"open","ping_status":"open","sticky":false,"template":"","format":"standard","meta":{"footnotes":"","_links_to":"","_links_to_target":""},"categories":[1],"tags":[],"class_list":["post-86467","post","type-post","status-publish","format-standard","has-post-thumbnail","hentry","category-geral"],"views":1389,"_links":{"self":[{"href":"https:\/\/www.sudoestehoje.com.br\/novoportal\/wp-json\/wp\/v2\/posts\/86467","targetHints":{"allow":["GET"]}}],"collection":[{"href":"https:\/\/www.sudoestehoje.com.br\/novoportal\/wp-json\/wp\/v2\/posts"}],"about":[{"href":"https:\/\/www.sudoestehoje.com.br\/novoportal\/wp-json\/wp\/v2\/types\/post"}],"author":[{"embeddable":true,"href":"https:\/\/www.sudoestehoje.com.br\/novoportal\/wp-json\/wp\/v2\/users\/2"}],"replies":[{"embeddable":true,"href":"https:\/\/www.sudoestehoje.com.br\/novoportal\/wp-json\/wp\/v2\/comments?post=86467"}],"version-history":[{"count":1,"href":"https:\/\/www.sudoestehoje.com.br\/novoportal\/wp-json\/wp\/v2\/posts\/86467\/revisions"}],"predecessor-version":[{"id":86469,"href":"https:\/\/www.sudoestehoje.com.br\/novoportal\/wp-json\/wp\/v2\/posts\/86467\/revisions\/86469"}],"wp:featuredmedia":[{"embeddable":true,"href":"https:\/\/www.sudoestehoje.com.br\/novoportal\/wp-json\/wp\/v2\/media\/86468"}],"wp:attachment":[{"href":"https:\/\/www.sudoestehoje.com.br\/novoportal\/wp-json\/wp\/v2\/media?parent=86467"}],"wp:term":[{"taxonomy":"category","embeddable":true,"href":"https:\/\/www.sudoestehoje.com.br\/novoportal\/wp-json\/wp\/v2\/categories?post=86467"},{"taxonomy":"post_tag","embeddable":true,"href":"https:\/\/www.sudoestehoje.com.br\/novoportal\/wp-json\/wp\/v2\/tags?post=86467"}],"curies":[{"name":"wp","href":"https:\/\/api.w.org\/{rel}","templated":true}]}}