
{"id":86461,"date":"2020-04-30T14:39:08","date_gmt":"2020-04-30T17:39:08","guid":{"rendered":"https:\/\/www.sudoestehoje.com.br\/novoportal\/?p=86461"},"modified":"2020-04-30T15:04:11","modified_gmt":"2020-04-30T18:04:11","slug":"rui-manda-sesab-exportar-pacientes-com-covid-19-de-ilheus-e-itabuna-para-hospital-em-vitoria-da-conquista","status":"publish","type":"post","link":"https:\/\/www.sudoestehoje.com.br\/novoportal\/2020\/04\/30\/rui-manda-sesab-exportar-pacientes-com-covid-19-de-ilheus-e-itabuna-para-hospital-em-vitoria-da-conquista\/","title":{"rendered":"RUI MANDA SESAB &#8220;EXPORTAR&#8221; PACIENTES COM COVID-19 DE ILH\u00c9US E ITABUNA PARA HOSPITAL EM VIT\u00d3RIA DA CONQUISTA"},"content":{"rendered":"<p><a href=\"https:\/\/www.sudoestehoje.com.br\/novoportal\/wp-content\/uploads\/2020\/04\/UTI-Vitoria-Conquista_Paula-Fr\u00f3es_govBA-678x381-1.jpg\"><img loading=\"lazy\" decoding=\"async\" class=\"aligncenter size-medium wp-image-86463\" src=\"https:\/\/www.sudoestehoje.com.br\/novoportal\/wp-content\/uploads\/2020\/04\/UTI-Vitoria-Conquista_Paula-Fr\u00f3es_govBA-678x381-1-500x281.jpg\" alt=\"\" width=\"500\" height=\"281\" srcset=\"https:\/\/www.sudoestehoje.com.br\/novoportal\/wp-content\/uploads\/2020\/04\/UTI-Vitoria-Conquista_Paula-Fr\u00f3es_govBA-678x381-1-500x281.jpg 500w, https:\/\/www.sudoestehoje.com.br\/novoportal\/wp-content\/uploads\/2020\/04\/UTI-Vitoria-Conquista_Paula-Fr\u00f3es_govBA-678x381-1.jpg 678w\" sizes=\"auto, (max-width: 500px) 100vw, 500px\" \/><\/a><\/p>\n<p>Com a satura\u00e7\u00e3o dos leitos e UTIs nos hospitais do sul do estado, a Secretaria Estadual da Sa\u00fade da Bahia determinou que pacientes de Covid-19 de Ilh\u00e9us e Itabuna sejam transferidos para um hospital que firmou conv\u00eanio com o Estado em Vit\u00f3ria da Conquista, \u00e0 medida que houver necessidade.<\/p>\n<p>De acordo com o Blog do Rodrigo Ferraz, o hospital foi contratado pelo estado para atender pacientes de Covid-19, possui 20 leitos destinados a casos de Covid-19, sendo 10 deles de UTI.<\/p>\n<p>PRESENTE DE GREGO<\/p>\n<p>A medida est\u00e1 gerando muita pol\u00eamica em Vit\u00f3ria da Conquista, uma vez que o munic\u00edpio tem aplicado medidas firmes para conter a pandemia, ao contr\u00e1rio de Ilh\u00e9us e Itabuna que demoraram um pouco mais para agir. Atualmente as duas cidades est\u00e3o com quase 200 casos de Covid-19 confirmados em cada um dos munic\u00edpios.<\/p>\n","protected":false},"excerpt":{"rendered":"<p>Com a satura\u00e7\u00e3o dos leitos e UTIs nos hospitais do sul do estado, a Secretaria Estadual da Sa\u00fade da Bahia determinou que pacientes de Covid-19 de Ilh\u00e9us e Itabuna sejam transferidos para um hospital que firmou conv\u00eanio com o Estado em Vit\u00f3ria da Conquista, \u00e0 medida que houver necessidade. De acordo com o Blog do [&hellip;]<\/p>\n","protected":false},"author":2,"featured_media":86463,"comment_status":"open","ping_status":"open","sticky":false,"template":"","format":"standard","meta":{"footnotes":"","_links_to":"","_links_to_target":""},"categories":[1],"tags":[],"class_list":["post-86461","post","type-post","status-publish","format-standard","has-post-thumbnail","hentry","category-geral"],"views":2340,"_links":{"self":[{"href":"https:\/\/www.sudoestehoje.com.br\/novoportal\/wp-json\/wp\/v2\/posts\/86461","targetHints":{"allow":["GET"]}}],"collection":[{"href":"https:\/\/www.sudoestehoje.com.br\/novoportal\/wp-json\/wp\/v2\/posts"}],"about":[{"href":"https:\/\/www.sudoestehoje.com.br\/novoportal\/wp-json\/wp\/v2\/types\/post"}],"author":[{"embeddable":true,"href":"https:\/\/www.sudoestehoje.com.br\/novoportal\/wp-json\/wp\/v2\/users\/2"}],"replies":[{"embeddable":true,"href":"https:\/\/www.sudoestehoje.com.br\/novoportal\/wp-json\/wp\/v2\/comments?post=86461"}],"version-history":[{"count":4,"href":"https:\/\/www.sudoestehoje.com.br\/novoportal\/wp-json\/wp\/v2\/posts\/86461\/revisions"}],"predecessor-version":[{"id":86466,"href":"https:\/\/www.sudoestehoje.com.br\/novoportal\/wp-json\/wp\/v2\/posts\/86461\/revisions\/86466"}],"wp:featuredmedia":[{"embeddable":true,"href":"https:\/\/www.sudoestehoje.com.br\/novoportal\/wp-json\/wp\/v2\/media\/86463"}],"wp:attachment":[{"href":"https:\/\/www.sudoestehoje.com.br\/novoportal\/wp-json\/wp\/v2\/media?parent=86461"}],"wp:term":[{"taxonomy":"category","embeddable":true,"href":"https:\/\/www.sudoestehoje.com.br\/novoportal\/wp-json\/wp\/v2\/categories?post=86461"},{"taxonomy":"post_tag","embeddable":true,"href":"https:\/\/www.sudoestehoje.com.br\/novoportal\/wp-json\/wp\/v2\/tags?post=86461"}],"curies":[{"name":"wp","href":"https:\/\/api.w.org\/{rel}","templated":true}]}}