
{"id":86456,"date":"2020-04-30T13:25:54","date_gmt":"2020-04-30T16:25:54","guid":{"rendered":"https:\/\/www.sudoestehoje.com.br\/novoportal\/?p=86456"},"modified":"2020-04-30T13:25:54","modified_gmt":"2020-04-30T16:25:54","slug":"bahia-prepara-retorno-as-aulas-na-rede-estadual-com-medidas-de-isolamento-social","status":"publish","type":"post","link":"https:\/\/www.sudoestehoje.com.br\/novoportal\/2020\/04\/30\/bahia-prepara-retorno-as-aulas-na-rede-estadual-com-medidas-de-isolamento-social\/","title":{"rendered":"BAHIA PREPARA RETORNO \u00c0S AULAS NA REDE ESTADUAL COM MEDIDAS DE ISOLAMENTO SOCIAL"},"content":{"rendered":"<p><a href=\"https:\/\/www.sudoestehoje.com.br\/novoportal\/wp-content\/uploads\/2020\/04\/ESCOLAS-ESTADO-BAHIA.jpg\"><img loading=\"lazy\" decoding=\"async\" class=\"aligncenter size-medium wp-image-86457\" src=\"https:\/\/www.sudoestehoje.com.br\/novoportal\/wp-content\/uploads\/2020\/04\/ESCOLAS-ESTADO-BAHIA-500x333.jpg\" alt=\"\" width=\"500\" height=\"333\" srcset=\"https:\/\/www.sudoestehoje.com.br\/novoportal\/wp-content\/uploads\/2020\/04\/ESCOLAS-ESTADO-BAHIA-500x333.jpg 500w, https:\/\/www.sudoestehoje.com.br\/novoportal\/wp-content\/uploads\/2020\/04\/ESCOLAS-ESTADO-BAHIA-700x467.jpg 700w, https:\/\/www.sudoestehoje.com.br\/novoportal\/wp-content\/uploads\/2020\/04\/ESCOLAS-ESTADO-BAHIA-768x512.jpg 768w, https:\/\/www.sudoestehoje.com.br\/novoportal\/wp-content\/uploads\/2020\/04\/ESCOLAS-ESTADO-BAHIA-1536x1024.jpg 1536w, https:\/\/www.sudoestehoje.com.br\/novoportal\/wp-content\/uploads\/2020\/04\/ESCOLAS-ESTADO-BAHIA-2048x1365.jpg 2048w\" sizes=\"auto, (max-width: 500px) 100vw, 500px\" \/><\/a><\/p>\n<p>O governo do estado prepara o retorno das aulas da rede estadual durante a pandemia do novo coronav\u00edrus. O governador Rui Costa confirmou, em entrevista ao Isso \u00e9 Bahia desta quinta-feira (30), que a gest\u00e3o estuda um conjunto rigoroso de protocolos para evitar a contamina\u00e7\u00e3o dos estudantes e funcion\u00e1rios no retorno \u00e0s aulas. O retorno das aulas n\u00e3o tem data confirmada e as medidas de preven\u00e7\u00e3o\u00a0ainda ser\u00e3o anunciadas oficialmente pelo estado.<\/p>\n<p>Entre as medidas previstas est\u00e3o a disponibiliza\u00e7\u00e3o de uma pia na entrada de todos os col\u00e9gios para a higieniza\u00e7\u00e3o das m\u00e3os e rod\u00edzio de alunos no refeit\u00f3rio com hor\u00e1rios diferentes de alimenta\u00e7\u00e3o para estudantes.<\/p>\n<p>\u201cEstamos escrevendo esse protocolo e vamos promover uma mudan\u00e7a no padr\u00e3o de conviv\u00eancia para podermos retomar as atividades\u201d, garantiu Rui. O governador declarou que n\u00e3o ter\u00e1 tempo para ficar esperando a taxa de contamina\u00e7\u00e3o do v\u00edrus zerar no estado. \u201cPara n\u00e3o prejudicar a vida de todo mundo, vamos ter que retomar as atividades, observando o distanciamento social e evitando aglomera\u00e7\u00f5es. O uso de m\u00e1scara, uma vez sendo obrigat\u00f3rio, reduz muito a taxa de contamina\u00e7\u00e3o\u201d, argumentou o gestor.<\/p>\n<p>A Organiza\u00e7\u00e3o Mundial da Sa\u00fade prev\u00ea que as popula\u00e7\u00f5es v\u00e3o vivenciar a entrada e sa\u00edda de per\u00edodos de isolamento social at\u00e9 o descobrimento de uma vacina que seja eficaz contra a Covid-19.<\/p>\n<p>Alunos e professores ter\u00e3o o uso obrigat\u00f3rio de m\u00e1scaras. \u201cProfessores s\u00f3 poder\u00e3o ficar sem m\u00e1scara na hora da aula e respeitando a dist\u00e2ncia entre os alunos\u201d, disse. \/\/BN<\/p>\n","protected":false},"excerpt":{"rendered":"<p>O governo do estado prepara o retorno das aulas da rede estadual durante a pandemia do novo coronav\u00edrus. O governador Rui Costa confirmou, em entrevista ao Isso \u00e9 Bahia desta quinta-feira (30), que a gest\u00e3o estuda um conjunto rigoroso de protocolos para evitar a contamina\u00e7\u00e3o dos estudantes e funcion\u00e1rios no retorno \u00e0s aulas. O retorno [&hellip;]<\/p>\n","protected":false},"author":2,"featured_media":86457,"comment_status":"open","ping_status":"open","sticky":false,"template":"","format":"standard","meta":{"footnotes":"","_links_to":"","_links_to_target":""},"categories":[1],"tags":[],"class_list":["post-86456","post","type-post","status-publish","format-standard","has-post-thumbnail","hentry","category-geral"],"views":1948,"_links":{"self":[{"href":"https:\/\/www.sudoestehoje.com.br\/novoportal\/wp-json\/wp\/v2\/posts\/86456","targetHints":{"allow":["GET"]}}],"collection":[{"href":"https:\/\/www.sudoestehoje.com.br\/novoportal\/wp-json\/wp\/v2\/posts"}],"about":[{"href":"https:\/\/www.sudoestehoje.com.br\/novoportal\/wp-json\/wp\/v2\/types\/post"}],"author":[{"embeddable":true,"href":"https:\/\/www.sudoestehoje.com.br\/novoportal\/wp-json\/wp\/v2\/users\/2"}],"replies":[{"embeddable":true,"href":"https:\/\/www.sudoestehoje.com.br\/novoportal\/wp-json\/wp\/v2\/comments?post=86456"}],"version-history":[{"count":1,"href":"https:\/\/www.sudoestehoje.com.br\/novoportal\/wp-json\/wp\/v2\/posts\/86456\/revisions"}],"predecessor-version":[{"id":86458,"href":"https:\/\/www.sudoestehoje.com.br\/novoportal\/wp-json\/wp\/v2\/posts\/86456\/revisions\/86458"}],"wp:featuredmedia":[{"embeddable":true,"href":"https:\/\/www.sudoestehoje.com.br\/novoportal\/wp-json\/wp\/v2\/media\/86457"}],"wp:attachment":[{"href":"https:\/\/www.sudoestehoje.com.br\/novoportal\/wp-json\/wp\/v2\/media?parent=86456"}],"wp:term":[{"taxonomy":"category","embeddable":true,"href":"https:\/\/www.sudoestehoje.com.br\/novoportal\/wp-json\/wp\/v2\/categories?post=86456"},{"taxonomy":"post_tag","embeddable":true,"href":"https:\/\/www.sudoestehoje.com.br\/novoportal\/wp-json\/wp\/v2\/tags?post=86456"}],"curies":[{"name":"wp","href":"https:\/\/api.w.org\/{rel}","templated":true}]}}