
{"id":86452,"date":"2020-04-29T21:00:34","date_gmt":"2020-04-30T00:00:34","guid":{"rendered":"https:\/\/www.sudoestehoje.com.br\/novoportal\/?p=86452"},"modified":"2020-04-29T21:00:34","modified_gmt":"2020-04-30T00:00:34","slug":"bahia-chega-a-100-mortes-por-coronavirus","status":"publish","type":"post","link":"https:\/\/www.sudoestehoje.com.br\/novoportal\/2020\/04\/29\/bahia-chega-a-100-mortes-por-coronavirus\/","title":{"rendered":"BAHIA CHEGA A 100 MORTES POR CORONAV\u00cdRUS"},"content":{"rendered":"<p><a href=\"https:\/\/www.sudoestehoje.com.br\/novoportal\/wp-content\/uploads\/2020\/04\/covid-bahia.jpg\"><img loading=\"lazy\" decoding=\"async\" class=\"aligncenter size-medium wp-image-86453\" src=\"https:\/\/www.sudoestehoje.com.br\/novoportal\/wp-content\/uploads\/2020\/04\/covid-bahia-500x281.jpg\" alt=\"\" width=\"500\" height=\"281\" srcset=\"https:\/\/www.sudoestehoje.com.br\/novoportal\/wp-content\/uploads\/2020\/04\/covid-bahia-500x281.jpg 500w, https:\/\/www.sudoestehoje.com.br\/novoportal\/wp-content\/uploads\/2020\/04\/covid-bahia-700x393.jpg 700w, https:\/\/www.sudoestehoje.com.br\/novoportal\/wp-content\/uploads\/2020\/04\/covid-bahia-768x431.jpg 768w, https:\/\/www.sudoestehoje.com.br\/novoportal\/wp-content\/uploads\/2020\/04\/covid-bahia.jpg 890w\" sizes=\"auto, (max-width: 500px) 100vw, 500px\" \/><\/a><\/p>\n<p>A Bahia registrou, nas \u00faltimas horas, mais tr\u00eas mortes de pacientes infectados pelo novo coronav\u00edrus, segundo boletim divulgado pela Secretaria de Sa\u00fade do Estado da Bahia (Sesab) no in\u00edcio da noite desta quarta-feira (29).<\/p>\n<p><strong> O n\u00famero total de infectados \u00e9 de 2.676 e 100 mortes.<\/strong><\/p>\n<p>Em rela\u00e7\u00e3o \u00e0 estrutura hospitalar para os casos mais graves, o estado est\u00e1 com 43% dos leitos de UTI ocupados.\u00a0A Bahia possui 318 leitos de UTI exclusivos para a Covid-19. Deste total, 137 est\u00e3o com pacientes internados.\u00a0A Secretaria Estadual de Sa\u00fade afirma que novos leitos ser\u00e3o abertos de acordo com a eleva\u00e7\u00e3o da necessidade.<\/p>\n<p><strong>Itapetinga continua com 8 casos confirmados e 2 mortes, segundo boletim oficial da Sesab.<\/strong><\/p>\n<p>Confira o<span style=\"color: #0000ff;\"><strong> <a style=\"color: #0000ff;\" href=\"http:\/\/www.blogdogusmao.com.br\/wp-content\/uploads\/2020\/04\/Boletim-Epidemiol%C3%B3gico-da-Secretaria-de-Sa%C3%BAde-da-Bahia.pdf\">Boletim Epidemiol\u00f3gico da Secretaria de Sa\u00fade da Bahia<\/a> <\/strong><\/span>publicado hoje.<\/p>\n<p><strong><em>Reda\u00e7\u00e3o SH<\/em><\/strong><\/p>\n","protected":false},"excerpt":{"rendered":"<p>A Bahia registrou, nas \u00faltimas horas, mais tr\u00eas mortes de pacientes infectados pelo novo coronav\u00edrus, segundo boletim divulgado pela Secretaria de Sa\u00fade do Estado da Bahia (Sesab) no in\u00edcio da noite desta quarta-feira (29). O n\u00famero total de infectados \u00e9 de 2.676 e 100 mortes. Em rela\u00e7\u00e3o \u00e0 estrutura hospitalar para os casos mais graves, [&hellip;]<\/p>\n","protected":false},"author":2,"featured_media":86453,"comment_status":"open","ping_status":"open","sticky":false,"template":"","format":"standard","meta":{"footnotes":"","_links_to":"","_links_to_target":""},"categories":[1],"tags":[],"class_list":["post-86452","post","type-post","status-publish","format-standard","has-post-thumbnail","hentry","category-geral"],"views":1003,"_links":{"self":[{"href":"https:\/\/www.sudoestehoje.com.br\/novoportal\/wp-json\/wp\/v2\/posts\/86452","targetHints":{"allow":["GET"]}}],"collection":[{"href":"https:\/\/www.sudoestehoje.com.br\/novoportal\/wp-json\/wp\/v2\/posts"}],"about":[{"href":"https:\/\/www.sudoestehoje.com.br\/novoportal\/wp-json\/wp\/v2\/types\/post"}],"author":[{"embeddable":true,"href":"https:\/\/www.sudoestehoje.com.br\/novoportal\/wp-json\/wp\/v2\/users\/2"}],"replies":[{"embeddable":true,"href":"https:\/\/www.sudoestehoje.com.br\/novoportal\/wp-json\/wp\/v2\/comments?post=86452"}],"version-history":[{"count":2,"href":"https:\/\/www.sudoestehoje.com.br\/novoportal\/wp-json\/wp\/v2\/posts\/86452\/revisions"}],"predecessor-version":[{"id":86455,"href":"https:\/\/www.sudoestehoje.com.br\/novoportal\/wp-json\/wp\/v2\/posts\/86452\/revisions\/86455"}],"wp:featuredmedia":[{"embeddable":true,"href":"https:\/\/www.sudoestehoje.com.br\/novoportal\/wp-json\/wp\/v2\/media\/86453"}],"wp:attachment":[{"href":"https:\/\/www.sudoestehoje.com.br\/novoportal\/wp-json\/wp\/v2\/media?parent=86452"}],"wp:term":[{"taxonomy":"category","embeddable":true,"href":"https:\/\/www.sudoestehoje.com.br\/novoportal\/wp-json\/wp\/v2\/categories?post=86452"},{"taxonomy":"post_tag","embeddable":true,"href":"https:\/\/www.sudoestehoje.com.br\/novoportal\/wp-json\/wp\/v2\/tags?post=86452"}],"curies":[{"name":"wp","href":"https:\/\/api.w.org\/{rel}","templated":true}]}}