
{"id":86449,"date":"2020-04-29T20:31:30","date_gmt":"2020-04-29T23:31:30","guid":{"rendered":"https:\/\/www.sudoestehoje.com.br\/novoportal\/?p=86449"},"modified":"2020-04-29T20:31:30","modified_gmt":"2020-04-29T23:31:30","slug":"datas-de-aplicacao-das-provas-do-enem-2020-sao-mantidas-pela-justica-federal","status":"publish","type":"post","link":"https:\/\/www.sudoestehoje.com.br\/novoportal\/2020\/04\/29\/datas-de-aplicacao-das-provas-do-enem-2020-sao-mantidas-pela-justica-federal\/","title":{"rendered":"DATAS DE APLICA\u00c7\u00c3O DAS PROVAS DO ENEM 2020 S\u00c3O MANTIDAS PELA JUSTI\u00c7A FEDERAL"},"content":{"rendered":"<p><a href=\"https:\/\/www.sudoestehoje.com.br\/novoportal\/wp-content\/uploads\/2020\/04\/ENEM-2020.jpg\"><img loading=\"lazy\" decoding=\"async\" class=\"aligncenter size-medium wp-image-86450\" src=\"https:\/\/www.sudoestehoje.com.br\/novoportal\/wp-content\/uploads\/2020\/04\/ENEM-2020-500x279.jpg\" alt=\"\" width=\"500\" height=\"279\" srcset=\"https:\/\/www.sudoestehoje.com.br\/novoportal\/wp-content\/uploads\/2020\/04\/ENEM-2020-500x279.jpg 500w, https:\/\/www.sudoestehoje.com.br\/novoportal\/wp-content\/uploads\/2020\/04\/ENEM-2020-700x391.jpg 700w, https:\/\/www.sudoestehoje.com.br\/novoportal\/wp-content\/uploads\/2020\/04\/ENEM-2020.jpg 750w\" sizes=\"auto, (max-width: 500px) 100vw, 500px\" \/><\/a><\/p>\n<p>A Justi\u00e7a Federal acatou os argumentos da Advocacia-Geral da Uni\u00e3o e manteve o calend\u00e1rio do Exame Nacional do Ensino M\u00e9dio (Enem) deste ano.\u00a0 A AGU derrubou uma liminar proibia a aplica\u00e7\u00e3o das provas neste ano, por causa da pandemia do novo coronav\u00edrus.<\/p>\n<p>A liminar havia sido concedida pela 12\u00b0 Vara C\u00edvel Federal de S\u00e3o Paulo em uma a\u00e7\u00e3o civil p\u00fablica ajuizada pela Defensoria P\u00fablica da Uni\u00e3o (DPU). A Justi\u00e7a tinha determinado a readequa\u00e7\u00e3o do cronograma do exame considerando as mudan\u00e7as do calend\u00e1rio do ano letivo em raz\u00e3o dos impactos da pandemia da Covid-19 e a prorroga\u00e7\u00e3o, por 15 dias, do prazo de requerimento de isen\u00e7\u00e3o da taxa de inscri\u00e7\u00e3o e de justificativa de aus\u00eancia do Enem 2019.<\/p>\n<p>Mas a AGU recorreu ao Tribunal Regional Federal da 3\u00b0 Regi\u00e3o (TRF3) e alegou que o Minist\u00e9rio da Educa\u00e7\u00e3o e o Instituto Nacional de Estudos e Pesquisas Educacionais An\u00edsio Teixeira (Inep) -organizador da prova, adotaram medidas para que o candidato n\u00e3o seja prejudicado por conta da pandemia. As datas da aplica\u00e7\u00e3o da prova digital foram alteradas para 22 e 29 de novembro. A previs\u00e3o inicial era elas fossem aplicadas em 11 e 18 de outubro.<\/p>\n<p>Outra mudan\u00e7a foi a concess\u00e3o da gratuidade da taxa de inscri\u00e7\u00e3o a todos os participantes enquadrados nos crit\u00e9rios especificados nos editais, mesmo sem o pedido formal do estudante, durante o per\u00edodo de inscri\u00e7\u00e3o, entre 11 e 22 de maio. O prazo anterior era de 6 a 17 de abril.<\/p>\n<p>O TRF3 acatou os argumentos da AGU, suspendeu a decis\u00e3o da primeira inst\u00e2ncia e manteve o cronograma e a data de aplica\u00e7\u00e3o das provas impressas para para 1\u00ba e 8 de novembro.<\/p>\n","protected":false},"excerpt":{"rendered":"<p>A Justi\u00e7a Federal acatou os argumentos da Advocacia-Geral da Uni\u00e3o e manteve o calend\u00e1rio do Exame Nacional do Ensino M\u00e9dio (Enem) deste ano.\u00a0 A AGU derrubou uma liminar proibia a aplica\u00e7\u00e3o das provas neste ano, por causa da pandemia do novo coronav\u00edrus. A liminar havia sido concedida pela 12\u00b0 Vara C\u00edvel Federal de S\u00e3o Paulo [&hellip;]<\/p>\n","protected":false},"author":2,"featured_media":86450,"comment_status":"open","ping_status":"open","sticky":false,"template":"","format":"standard","meta":{"footnotes":"","_links_to":"","_links_to_target":""},"categories":[1],"tags":[],"class_list":["post-86449","post","type-post","status-publish","format-standard","has-post-thumbnail","hentry","category-geral"],"views":1011,"_links":{"self":[{"href":"https:\/\/www.sudoestehoje.com.br\/novoportal\/wp-json\/wp\/v2\/posts\/86449","targetHints":{"allow":["GET"]}}],"collection":[{"href":"https:\/\/www.sudoestehoje.com.br\/novoportal\/wp-json\/wp\/v2\/posts"}],"about":[{"href":"https:\/\/www.sudoestehoje.com.br\/novoportal\/wp-json\/wp\/v2\/types\/post"}],"author":[{"embeddable":true,"href":"https:\/\/www.sudoestehoje.com.br\/novoportal\/wp-json\/wp\/v2\/users\/2"}],"replies":[{"embeddable":true,"href":"https:\/\/www.sudoestehoje.com.br\/novoportal\/wp-json\/wp\/v2\/comments?post=86449"}],"version-history":[{"count":1,"href":"https:\/\/www.sudoestehoje.com.br\/novoportal\/wp-json\/wp\/v2\/posts\/86449\/revisions"}],"predecessor-version":[{"id":86451,"href":"https:\/\/www.sudoestehoje.com.br\/novoportal\/wp-json\/wp\/v2\/posts\/86449\/revisions\/86451"}],"wp:featuredmedia":[{"embeddable":true,"href":"https:\/\/www.sudoestehoje.com.br\/novoportal\/wp-json\/wp\/v2\/media\/86450"}],"wp:attachment":[{"href":"https:\/\/www.sudoestehoje.com.br\/novoportal\/wp-json\/wp\/v2\/media?parent=86449"}],"wp:term":[{"taxonomy":"category","embeddable":true,"href":"https:\/\/www.sudoestehoje.com.br\/novoportal\/wp-json\/wp\/v2\/categories?post=86449"},{"taxonomy":"post_tag","embeddable":true,"href":"https:\/\/www.sudoestehoje.com.br\/novoportal\/wp-json\/wp\/v2\/tags?post=86449"}],"curies":[{"name":"wp","href":"https:\/\/api.w.org\/{rel}","templated":true}]}}