
{"id":86429,"date":"2020-04-28T20:36:02","date_gmt":"2020-04-28T23:36:02","guid":{"rendered":"https:\/\/www.sudoestehoje.com.br\/novoportal\/?p=86429"},"modified":"2020-04-28T21:12:37","modified_gmt":"2020-04-29T00:12:37","slug":"itapetinga-registra-8o-caso-de-covid-19-segundo-boletim-atualizado-da-sesab","status":"publish","type":"post","link":"https:\/\/www.sudoestehoje.com.br\/novoportal\/2020\/04\/28\/itapetinga-registra-8o-caso-de-covid-19-segundo-boletim-atualizado-da-sesab\/","title":{"rendered":"ITAPETINGA REGISTRA 8\u00ba CASO DE COVID-19, SEGUNDO BOLETIM ATUALIZADO DA SESAB"},"content":{"rendered":"<p><a href=\"https:\/\/www.sudoestehoje.com.br\/novoportal\/wp-content\/uploads\/2020\/04\/coronavirus-graphic-web-feature.jpg\"><img loading=\"lazy\" decoding=\"async\" class=\"aligncenter size-full wp-image-86432\" src=\"https:\/\/www.sudoestehoje.com.br\/novoportal\/wp-content\/uploads\/2020\/04\/coronavirus-graphic-web-feature.jpg\" alt=\"\" width=\"500\" height=\"262\" \/><\/a><\/p>\n<p>De acordo com boletim divulgado pela Sesab, nesta ter\u00e7a-feira (28), Itapetinga registrou mais um caso positivo de Coronav\u00edrus, elevando para 8 (oito) o n\u00famero de pessoas infectadas pelo novo v\u00edrus no munic\u00edpio.<\/p>\n<p>A Bahia registrou, nas \u00faltimas horas, mais sete mortes de pacientes infectados pelo novo coronav\u00edrus, segundo boletim divulgado pela Secretaria de Sa\u00fade do Estado da Bahia (Sesab) no in\u00edcio da noite desta ter\u00e7a-feira (28). O n\u00famero total de infectados \u00e9 de 2.564.<\/p>\n<p>O munic\u00edpio de Itapetinga, de acordo com a Sesab, j\u00e1 registrou 2 (dois) \u00f3bitos, em decorr\u00eancia do Covid-19. Veja tabela da Sesab:<\/p>\n<p><a href=\"https:\/\/www.sudoestehoje.com.br\/novoportal\/wp-content\/uploads\/2020\/04\/tabela2804parte2.jpg\"><img loading=\"lazy\" decoding=\"async\" class=\"aligncenter size-medium wp-image-86430\" src=\"https:\/\/www.sudoestehoje.com.br\/novoportal\/wp-content\/uploads\/2020\/04\/tabela2804parte2-500x347.jpg\" alt=\"\" width=\"500\" height=\"347\" srcset=\"https:\/\/www.sudoestehoje.com.br\/novoportal\/wp-content\/uploads\/2020\/04\/tabela2804parte2-500x347.jpg 500w, https:\/\/www.sudoestehoje.com.br\/novoportal\/wp-content\/uploads\/2020\/04\/tabela2804parte2-700x485.jpg 700w, https:\/\/www.sudoestehoje.com.br\/novoportal\/wp-content\/uploads\/2020\/04\/tabela2804parte2-768x532.jpg 768w, https:\/\/www.sudoestehoje.com.br\/novoportal\/wp-content\/uploads\/2020\/04\/tabela2804parte2.jpg 1000w\" sizes=\"auto, (max-width: 500px) 100vw, 500px\" \/><\/a><\/p>\n<p><strong><em>Por Davi Ferraz<\/em><\/strong><\/p>\n","protected":false},"excerpt":{"rendered":"<p>De acordo com boletim divulgado pela Sesab, nesta ter\u00e7a-feira (28), Itapetinga registrou mais um caso positivo de Coronav\u00edrus, elevando para 8 (oito) o n\u00famero de pessoas infectadas pelo novo v\u00edrus no munic\u00edpio. A Bahia registrou, nas \u00faltimas horas, mais sete mortes de pacientes infectados pelo novo coronav\u00edrus, segundo boletim divulgado pela Secretaria de Sa\u00fade do [&hellip;]<\/p>\n","protected":false},"author":2,"featured_media":86432,"comment_status":"open","ping_status":"open","sticky":false,"template":"","format":"standard","meta":{"footnotes":"","_links_to":"","_links_to_target":""},"categories":[1],"tags":[],"class_list":["post-86429","post","type-post","status-publish","format-standard","has-post-thumbnail","hentry","category-geral"],"views":3334,"_links":{"self":[{"href":"https:\/\/www.sudoestehoje.com.br\/novoportal\/wp-json\/wp\/v2\/posts\/86429","targetHints":{"allow":["GET"]}}],"collection":[{"href":"https:\/\/www.sudoestehoje.com.br\/novoportal\/wp-json\/wp\/v2\/posts"}],"about":[{"href":"https:\/\/www.sudoestehoje.com.br\/novoportal\/wp-json\/wp\/v2\/types\/post"}],"author":[{"embeddable":true,"href":"https:\/\/www.sudoestehoje.com.br\/novoportal\/wp-json\/wp\/v2\/users\/2"}],"replies":[{"embeddable":true,"href":"https:\/\/www.sudoestehoje.com.br\/novoportal\/wp-json\/wp\/v2\/comments?post=86429"}],"version-history":[{"count":3,"href":"https:\/\/www.sudoestehoje.com.br\/novoportal\/wp-json\/wp\/v2\/posts\/86429\/revisions"}],"predecessor-version":[{"id":86434,"href":"https:\/\/www.sudoestehoje.com.br\/novoportal\/wp-json\/wp\/v2\/posts\/86429\/revisions\/86434"}],"wp:featuredmedia":[{"embeddable":true,"href":"https:\/\/www.sudoestehoje.com.br\/novoportal\/wp-json\/wp\/v2\/media\/86432"}],"wp:attachment":[{"href":"https:\/\/www.sudoestehoje.com.br\/novoportal\/wp-json\/wp\/v2\/media?parent=86429"}],"wp:term":[{"taxonomy":"category","embeddable":true,"href":"https:\/\/www.sudoestehoje.com.br\/novoportal\/wp-json\/wp\/v2\/categories?post=86429"},{"taxonomy":"post_tag","embeddable":true,"href":"https:\/\/www.sudoestehoje.com.br\/novoportal\/wp-json\/wp\/v2\/tags?post=86429"}],"curies":[{"name":"wp","href":"https:\/\/api.w.org\/{rel}","templated":true}]}}