
{"id":86425,"date":"2020-04-28T20:08:02","date_gmt":"2020-04-28T23:08:02","guid":{"rendered":"https:\/\/www.sudoestehoje.com.br\/novoportal\/?p=86425"},"modified":"2020-04-28T20:08:02","modified_gmt":"2020-04-28T23:08:02","slug":"governo-adia-reinicio-das-aulas-por-mais-15-dias-nas-redes-publica-e-particular","status":"publish","type":"post","link":"https:\/\/www.sudoestehoje.com.br\/novoportal\/2020\/04\/28\/governo-adia-reinicio-das-aulas-por-mais-15-dias-nas-redes-publica-e-particular\/","title":{"rendered":"GOVERNO ADIA REIN\u00cdCIO DAS AULAS POR MAIS 15 DIAS NAS REDES P\u00daBLICA E PARTICULAR"},"content":{"rendered":"<p><a href=\"https:\/\/www.sudoestehoje.com.br\/novoportal\/wp-content\/uploads\/2020\/04\/sala-vazia-paula-froes.jpg\"><img loading=\"lazy\" decoding=\"async\" class=\"aligncenter size-medium wp-image-86426\" src=\"https:\/\/www.sudoestehoje.com.br\/novoportal\/wp-content\/uploads\/2020\/04\/sala-vazia-paula-froes-500x333.jpg\" alt=\"\" width=\"500\" height=\"333\" srcset=\"https:\/\/www.sudoestehoje.com.br\/novoportal\/wp-content\/uploads\/2020\/04\/sala-vazia-paula-froes-500x333.jpg 500w, https:\/\/www.sudoestehoje.com.br\/novoportal\/wp-content\/uploads\/2020\/04\/sala-vazia-paula-froes-700x467.jpg 700w, https:\/\/www.sudoestehoje.com.br\/novoportal\/wp-content\/uploads\/2020\/04\/sala-vazia-paula-froes-768x512.jpg 768w, https:\/\/www.sudoestehoje.com.br\/novoportal\/wp-content\/uploads\/2020\/04\/sala-vazia-paula-froes.jpg 984w\" sizes=\"auto, (max-width: 500px) 100vw, 500px\" \/><\/a><\/p>\n<p>O governador da Bahia prorrogou a suspens\u00e3o das atividades em todas as escolas do estado &#8211; incluindo as da rede particular &#8211; por mais 15 dias.<\/p>\n<p><em>&#8220;Vamos adiar por mais 15 dias e, depois desse prazo, avaliar situa\u00e7\u00e3o. Por que esse per\u00edodo? Porque \u00e9 o per\u00edodo de n\u00f3s recebermos os respiradores. N\u00e3o podemos correr o risco de iniciar as aulas nessa situa\u00e7\u00e3o. Vamos adiar in\u00edcio das aulas por mais 15 dias. L\u00e1 para o dia 18 de maio vamos avaliar. Vamos ter que reprogramar (o ano letivo). As f\u00e9rias de meio de ano n\u00e3o vai haver mais&#8221;<\/em>, contou.<\/p>\n<div class=\"mc-column content-text active-extra-styles \" data-block-type=\"unstyled\" data-block-weight=\"106\" data-block-id=\"9\">\n<p class=\"content-text__container \" data-track-category=\"Link no Texto\" data-track-links=\"\"><em>&#8220;Vamos entrar por dezembro e janeiro para cumprir ano letivo de 2020. Aulas por internet s\u00f3 para manter alunos em atividade. N\u00e3o temos condi\u00e7\u00e3o de padronizar. A maioria dos alunos da Bahia s\u00e3o simples, muitos n\u00e3o t\u00eam internet em casa. Uma parcela grande da popula\u00e7\u00e3o, os estudantes moram na zona rural. N\u00e3o h\u00e1 como pensar em substituir as aulas da internet pela aula presencial. N\u00e3o queremos deixar milhares de alunos para tr\u00e1s. Tem cidade da Bahia em que 50% dos alunos v\u00eam da zona rural. Isso faz com que as fam\u00edlias n\u00e3o tenham internet. N\u00e3o h\u00e1 como falar de substituir aula presencial por aula pela internet&#8221;.<\/em><\/p>\n<\/div>\n<div class=\"mc-column content-text active-extra-styles \" data-block-type=\"unstyled\" data-block-weight=\"16\" data-block-id=\"10\">\n<p class=\"content-text__container \" data-track-category=\"Link no Texto\" data-track-links=\"\">Questionado a respeito da possibilidade de retorno das aulas nas escolas particulares, Rui Costa foi categ\u00f3rico:<\/p>\n<p class=\"content-text__container \" data-track-category=\"Link no Texto\" data-track-links=\"\"><em>&#8220;N\u00e3o vamos permitir, por enquanto, retorno as aulas. Nem estadual, nem municipal, nem particular. N\u00e3o h\u00e1 o que se falar nesse momento de voltar as aulas&#8221;<\/em>, concluiu.<\/p>\n<\/div>\n","protected":false},"excerpt":{"rendered":"<p>O governador da Bahia prorrogou a suspens\u00e3o das atividades em todas as escolas do estado &#8211; incluindo as da rede particular &#8211; por mais 15 dias. &#8220;Vamos adiar por mais 15 dias e, depois desse prazo, avaliar situa\u00e7\u00e3o. Por que esse per\u00edodo? Porque \u00e9 o per\u00edodo de n\u00f3s recebermos os respiradores. N\u00e3o podemos correr o [&hellip;]<\/p>\n","protected":false},"author":2,"featured_media":86426,"comment_status":"open","ping_status":"open","sticky":false,"template":"","format":"standard","meta":{"footnotes":"","_links_to":"","_links_to_target":""},"categories":[1],"tags":[],"class_list":["post-86425","post","type-post","status-publish","format-standard","has-post-thumbnail","hentry","category-geral"],"views":2189,"_links":{"self":[{"href":"https:\/\/www.sudoestehoje.com.br\/novoportal\/wp-json\/wp\/v2\/posts\/86425","targetHints":{"allow":["GET"]}}],"collection":[{"href":"https:\/\/www.sudoestehoje.com.br\/novoportal\/wp-json\/wp\/v2\/posts"}],"about":[{"href":"https:\/\/www.sudoestehoje.com.br\/novoportal\/wp-json\/wp\/v2\/types\/post"}],"author":[{"embeddable":true,"href":"https:\/\/www.sudoestehoje.com.br\/novoportal\/wp-json\/wp\/v2\/users\/2"}],"replies":[{"embeddable":true,"href":"https:\/\/www.sudoestehoje.com.br\/novoportal\/wp-json\/wp\/v2\/comments?post=86425"}],"version-history":[{"count":2,"href":"https:\/\/www.sudoestehoje.com.br\/novoportal\/wp-json\/wp\/v2\/posts\/86425\/revisions"}],"predecessor-version":[{"id":86428,"href":"https:\/\/www.sudoestehoje.com.br\/novoportal\/wp-json\/wp\/v2\/posts\/86425\/revisions\/86428"}],"wp:featuredmedia":[{"embeddable":true,"href":"https:\/\/www.sudoestehoje.com.br\/novoportal\/wp-json\/wp\/v2\/media\/86426"}],"wp:attachment":[{"href":"https:\/\/www.sudoestehoje.com.br\/novoportal\/wp-json\/wp\/v2\/media?parent=86425"}],"wp:term":[{"taxonomy":"category","embeddable":true,"href":"https:\/\/www.sudoestehoje.com.br\/novoportal\/wp-json\/wp\/v2\/categories?post=86425"},{"taxonomy":"post_tag","embeddable":true,"href":"https:\/\/www.sudoestehoje.com.br\/novoportal\/wp-json\/wp\/v2\/tags?post=86425"}],"curies":[{"name":"wp","href":"https:\/\/api.w.org\/{rel}","templated":true}]}}