
{"id":86419,"date":"2020-04-28T19:42:30","date_gmt":"2020-04-28T22:42:30","guid":{"rendered":"https:\/\/www.sudoestehoje.com.br\/novoportal\/?p=86419"},"modified":"2020-04-28T19:42:30","modified_gmt":"2020-04-28T22:42:30","slug":"festas-de-sao-joao-serao-canceladas-em-toda-a-bahia-diz-governador-rui-costa","status":"publish","type":"post","link":"https:\/\/www.sudoestehoje.com.br\/novoportal\/2020\/04\/28\/festas-de-sao-joao-serao-canceladas-em-toda-a-bahia-diz-governador-rui-costa\/","title":{"rendered":"FESTAS DE S\u00c3O JO\u00c3O SER\u00c3O CANCELADAS EM TODA A BAHIA, DIZ GOVERNADOR RUI COSTA"},"content":{"rendered":"<p><a href=\"https:\/\/www.sudoestehoje.com.br\/novoportal\/wp-content\/uploads\/2020\/04\/sao_joao_de_itapetinga-1446735197-674-e.jpg\"><img loading=\"lazy\" decoding=\"async\" class=\"aligncenter size-medium wp-image-86423\" src=\"https:\/\/www.sudoestehoje.com.br\/novoportal\/wp-content\/uploads\/2020\/04\/sao_joao_de_itapetinga-1446735197-674-e-500x400.jpg\" alt=\"\" width=\"500\" height=\"400\" srcset=\"https:\/\/www.sudoestehoje.com.br\/novoportal\/wp-content\/uploads\/2020\/04\/sao_joao_de_itapetinga-1446735197-674-e-500x400.jpg 500w, https:\/\/www.sudoestehoje.com.br\/novoportal\/wp-content\/uploads\/2020\/04\/sao_joao_de_itapetinga-1446735197-674-e.jpg 600w\" sizes=\"auto, (max-width: 500px) 100vw, 500px\" \/><\/a><\/p>\n<p>O governador da Bahia, Rui Costa (PT) afirmou na edi\u00e7\u00e3o desta ter\u00e7a-feira (28) do \u201cPapo Correria\u201d que os festejos de S\u00e3o Jo\u00e3o est\u00e3o cancelados em todas as cidades do estado.<\/p>\n<p><em>\u201cJ\u00e1 tenho condi\u00e7\u00f5es de falar sobre o assunto, com os dados que n\u00f3s temos, n\u00e3o haver\u00e1 festas juninas este ano, em nenhuma cidade da Bahia. Se tiver festa em qualquer cidade da Bahia, mesmo nas que n\u00e3o tem casos, as pessoas que tem carro ir\u00e3o para l\u00e1. N\u00e3o h\u00e1 perspectiva que em junho poderemos ter grandes aglomera\u00e7\u00f5es\u201d<\/em>, disse o governador.<\/p>\n<p>O cancelamento dos festejos juninos pelo governo s\u00f3 confirma o que j\u00e1 vinha ocorrendo em toda a Bahia, atrav\u00e9s dos prefeitos de diversas cidades, a exemplo de Ibicu\u00ed, Senhor do Bonfim, Cruz das Almas, Santo Ant\u00f4nio de Jesus e Amargosa, onde s\u00e3o realizadas as festas de S\u00e3o Jo\u00e3o mais tradicionais.<\/p>\n<p>O governador deve baixar ato cancelando os festejos juninos em todo o Estado, nesta quarta-feira (29).<\/p>\n<p><strong><em>Por Davi Ferraz<\/em><\/strong><\/p>\n","protected":false},"excerpt":{"rendered":"<p>O governador da Bahia, Rui Costa (PT) afirmou na edi\u00e7\u00e3o desta ter\u00e7a-feira (28) do \u201cPapo Correria\u201d que os festejos de S\u00e3o Jo\u00e3o est\u00e3o cancelados em todas as cidades do estado. \u201cJ\u00e1 tenho condi\u00e7\u00f5es de falar sobre o assunto, com os dados que n\u00f3s temos, n\u00e3o haver\u00e1 festas juninas este ano, em nenhuma cidade da Bahia. [&hellip;]<\/p>\n","protected":false},"author":2,"featured_media":86423,"comment_status":"open","ping_status":"open","sticky":false,"template":"","format":"standard","meta":{"footnotes":"","_links_to":"","_links_to_target":""},"categories":[1],"tags":[],"class_list":["post-86419","post","type-post","status-publish","format-standard","has-post-thumbnail","hentry","category-geral"],"views":1504,"_links":{"self":[{"href":"https:\/\/www.sudoestehoje.com.br\/novoportal\/wp-json\/wp\/v2\/posts\/86419","targetHints":{"allow":["GET"]}}],"collection":[{"href":"https:\/\/www.sudoestehoje.com.br\/novoportal\/wp-json\/wp\/v2\/posts"}],"about":[{"href":"https:\/\/www.sudoestehoje.com.br\/novoportal\/wp-json\/wp\/v2\/types\/post"}],"author":[{"embeddable":true,"href":"https:\/\/www.sudoestehoje.com.br\/novoportal\/wp-json\/wp\/v2\/users\/2"}],"replies":[{"embeddable":true,"href":"https:\/\/www.sudoestehoje.com.br\/novoportal\/wp-json\/wp\/v2\/comments?post=86419"}],"version-history":[{"count":3,"href":"https:\/\/www.sudoestehoje.com.br\/novoportal\/wp-json\/wp\/v2\/posts\/86419\/revisions"}],"predecessor-version":[{"id":86424,"href":"https:\/\/www.sudoestehoje.com.br\/novoportal\/wp-json\/wp\/v2\/posts\/86419\/revisions\/86424"}],"wp:featuredmedia":[{"embeddable":true,"href":"https:\/\/www.sudoestehoje.com.br\/novoportal\/wp-json\/wp\/v2\/media\/86423"}],"wp:attachment":[{"href":"https:\/\/www.sudoestehoje.com.br\/novoportal\/wp-json\/wp\/v2\/media?parent=86419"}],"wp:term":[{"taxonomy":"category","embeddable":true,"href":"https:\/\/www.sudoestehoje.com.br\/novoportal\/wp-json\/wp\/v2\/categories?post=86419"},{"taxonomy":"post_tag","embeddable":true,"href":"https:\/\/www.sudoestehoje.com.br\/novoportal\/wp-json\/wp\/v2\/tags?post=86419"}],"curies":[{"name":"wp","href":"https:\/\/api.w.org\/{rel}","templated":true}]}}