
{"id":86406,"date":"2020-04-27T22:41:50","date_gmt":"2020-04-28T01:41:50","guid":{"rendered":"https:\/\/www.sudoestehoje.com.br\/novoportal\/?p=86406"},"modified":"2020-04-27T22:41:50","modified_gmt":"2020-04-28T01:41:50","slug":"governo-estuda-liberar-jogos-de-futebol-sem-publico-com-transmissao-pela-tv","status":"publish","type":"post","link":"https:\/\/www.sudoestehoje.com.br\/novoportal\/2020\/04\/27\/governo-estuda-liberar-jogos-de-futebol-sem-publico-com-transmissao-pela-tv\/","title":{"rendered":"GOVERNO ESTUDA LIBERAR JOGOS DE FUTEBOL SEM P\u00daBLICO, COM TRANSMISS\u00c3O PELA TV"},"content":{"rendered":"<p><a href=\"https:\/\/www.sudoestehoje.com.br\/novoportal\/wp-content\/uploads\/2020\/04\/JOGO-SEM-PUBLICO.jpg\"><img loading=\"lazy\" decoding=\"async\" class=\"aligncenter size-medium wp-image-86409\" src=\"https:\/\/www.sudoestehoje.com.br\/novoportal\/wp-content\/uploads\/2020\/04\/JOGO-SEM-PUBLICO-500x333.jpg\" alt=\"\" width=\"500\" height=\"333\" srcset=\"https:\/\/www.sudoestehoje.com.br\/novoportal\/wp-content\/uploads\/2020\/04\/JOGO-SEM-PUBLICO-500x333.jpg 500w, https:\/\/www.sudoestehoje.com.br\/novoportal\/wp-content\/uploads\/2020\/04\/JOGO-SEM-PUBLICO-700x466.jpg 700w, https:\/\/www.sudoestehoje.com.br\/novoportal\/wp-content\/uploads\/2020\/04\/JOGO-SEM-PUBLICO-768x512.jpg 768w, https:\/\/www.sudoestehoje.com.br\/novoportal\/wp-content\/uploads\/2020\/04\/JOGO-SEM-PUBLICO.jpg 800w\" sizes=\"auto, (max-width: 500px) 100vw, 500px\" \/><\/a><\/p>\n<p>O governo federal estuda a possibilidade de liberar a realiza\u00e7\u00e3o de jogos de futebol sem a presen\u00e7a de p\u00fablico nas arquibancadas, algo que \u00e9 uma demanda da CBF. O ministro da Sa\u00fade, Nelson Teich, afirmou, nesta segunda-feira (27), que o tema est\u00e1 sob an\u00e1lise da pasta, mas n\u00e3o sinalizou qual ser\u00e1 a conclus\u00e3o.<\/p>\n<p>Teich mencionou que o estudo \u00e9 feito levando em considera\u00e7\u00e3o a possibilidade de os eventos esportivos levarem &#8220;rotina melhor&#8221; para as pessoas, que poderiam assistir \u00e0s competi\u00e7\u00f5es de casa.<\/p>\n<p>&#8220;Existe um pedido para avaliar o retorno de jogos sem p\u00fablico, da CBF. Isso \u00e9 uma coisa que estamos avaliando. Nem tudo o que a gente avalia \u00e9 para ser definido. N\u00e3o \u00e9 coisa definida ainda. Mas s\u00e3o algumas iniciativas que de alguma forma poderiam trazer uma rotina um pouco melhor para o dia a dia das pessoas&#8221;, disse<\/p>\n<p>Desde que o novo coronav\u00edrus se alastrou no Brasil e a doen\u00e7a ganhou status de pandemia, os calend\u00e1rios de todas as competi\u00e7\u00f5es de futebol dentro do Pa\u00eds foram suspensos.<\/p>\n","protected":false},"excerpt":{"rendered":"<p>O governo federal estuda a possibilidade de liberar a realiza\u00e7\u00e3o de jogos de futebol sem a presen\u00e7a de p\u00fablico nas arquibancadas, algo que \u00e9 uma demanda da CBF. O ministro da Sa\u00fade, Nelson Teich, afirmou, nesta segunda-feira (27), que o tema est\u00e1 sob an\u00e1lise da pasta, mas n\u00e3o sinalizou qual ser\u00e1 a conclus\u00e3o. Teich mencionou [&hellip;]<\/p>\n","protected":false},"author":2,"featured_media":86409,"comment_status":"open","ping_status":"open","sticky":false,"template":"","format":"standard","meta":{"footnotes":"","_links_to":"","_links_to_target":""},"categories":[1],"tags":[],"class_list":["post-86406","post","type-post","status-publish","format-standard","has-post-thumbnail","hentry","category-geral"],"views":960,"_links":{"self":[{"href":"https:\/\/www.sudoestehoje.com.br\/novoportal\/wp-json\/wp\/v2\/posts\/86406","targetHints":{"allow":["GET"]}}],"collection":[{"href":"https:\/\/www.sudoestehoje.com.br\/novoportal\/wp-json\/wp\/v2\/posts"}],"about":[{"href":"https:\/\/www.sudoestehoje.com.br\/novoportal\/wp-json\/wp\/v2\/types\/post"}],"author":[{"embeddable":true,"href":"https:\/\/www.sudoestehoje.com.br\/novoportal\/wp-json\/wp\/v2\/users\/2"}],"replies":[{"embeddable":true,"href":"https:\/\/www.sudoestehoje.com.br\/novoportal\/wp-json\/wp\/v2\/comments?post=86406"}],"version-history":[{"count":3,"href":"https:\/\/www.sudoestehoje.com.br\/novoportal\/wp-json\/wp\/v2\/posts\/86406\/revisions"}],"predecessor-version":[{"id":86410,"href":"https:\/\/www.sudoestehoje.com.br\/novoportal\/wp-json\/wp\/v2\/posts\/86406\/revisions\/86410"}],"wp:featuredmedia":[{"embeddable":true,"href":"https:\/\/www.sudoestehoje.com.br\/novoportal\/wp-json\/wp\/v2\/media\/86409"}],"wp:attachment":[{"href":"https:\/\/www.sudoestehoje.com.br\/novoportal\/wp-json\/wp\/v2\/media?parent=86406"}],"wp:term":[{"taxonomy":"category","embeddable":true,"href":"https:\/\/www.sudoestehoje.com.br\/novoportal\/wp-json\/wp\/v2\/categories?post=86406"},{"taxonomy":"post_tag","embeddable":true,"href":"https:\/\/www.sudoestehoje.com.br\/novoportal\/wp-json\/wp\/v2\/tags?post=86406"}],"curies":[{"name":"wp","href":"https:\/\/api.w.org\/{rel}","templated":true}]}}