
{"id":864,"date":"2010-10-03T15:09:53","date_gmt":"2010-10-03T18:09:53","guid":{"rendered":"http:\/\/sudoestehoje.tempsite.ws\/novoportal\/?p=864"},"modified":"2010-10-03T15:09:53","modified_gmt":"2010-10-03T18:09:53","slug":"eleicoes-abstencao-em-itapetinga-pode-surpreender","status":"publish","type":"post","link":"https:\/\/www.sudoestehoje.com.br\/novoportal\/2010\/10\/03\/eleicoes-abstencao-em-itapetinga-pode-surpreender\/","title":{"rendered":"Elei\u00e7\u00f5es: Absten\u00e7\u00e3o em Itapetinga pode surpreender"},"content":{"rendered":"<p style=\"text-align: center;\"><a rel=\"attachment wp-att-865\" href=\"http:\/\/sudoestehoje.tempsite.ws\/novoportal\/2010\/10\/03\/eleicoes-abstencao-em-itapetinga-pode-surpreender\/100_3541\/\"><img loading=\"lazy\" decoding=\"async\" class=\"size-medium wp-image-865    aligncenter\" title=\"100_3541\" src=\"http:\/\/sudoestehoje.tempsite.ws\/novoportal\/wp-content\/uploads\/2010\/10\/100_3541-500x375.jpg\" alt=\"\" width=\"500\" height=\"375\" srcset=\"https:\/\/www.sudoestehoje.com.br\/novoportal\/wp-content\/uploads\/2010\/10\/100_3541-500x375.jpg 500w, https:\/\/www.sudoestehoje.com.br\/novoportal\/wp-content\/uploads\/2010\/10\/100_3541-1024x768.jpg 1024w\" sizes=\"auto, (max-width: 500px) 100vw, 500px\" \/><\/a><\/p>\n<p style=\"text-align: center;\">Se\u00e7\u00f5es do Col\u00e9gio Batista foram as mais concorridas<\/p>\n<p>\u00a0<\/p>\n<p>ITAPETINGA:\u00a0 At\u00e9 o meio dia deste domingo de elei\u00e7\u00f5es, a presen\u00e7a de eleitores nos principais locais de vota\u00e7\u00e3o foi pequena, o que refor\u00e7a a tese de que a absten\u00e7\u00e3o deve ser grande, muito acima da m\u00e9dia das \u00faltimas elei\u00e7\u00f5es. As poucas pessoas que compareceram para votar, demonstravam total desinteresse pelos candidatos. Ao contr\u00e1rio dos outros pleitos, a participa\u00e7\u00e3o da juventude foi nula e at\u00e9 os tradicionais &#8216;bocas de urna&#8217; n\u00e3o deram as caras.<\/p>\n<p style=\"text-align: center;\"><a rel=\"attachment wp-att-867\" href=\"http:\/\/sudoestehoje.tempsite.ws\/novoportal\/2010\/10\/03\/eleicoes-abstencao-em-itapetinga-pode-surpreender\/100_3535\/\"><img loading=\"lazy\" decoding=\"async\" class=\"size-medium wp-image-867  aligncenter\" title=\"100_3535\" src=\"http:\/\/sudoestehoje.tempsite.ws\/novoportal\/wp-content\/uploads\/2010\/10\/100_3535-500x375.jpg\" alt=\"\" width=\"500\" height=\"375\" srcset=\"https:\/\/www.sudoestehoje.com.br\/novoportal\/wp-content\/uploads\/2010\/10\/100_3535-500x375.jpg 500w, https:\/\/www.sudoestehoje.com.br\/novoportal\/wp-content\/uploads\/2010\/10\/100_3535-1024x768.jpg 1024w\" sizes=\"auto, (max-width: 500px) 100vw, 500px\" \/><\/a><\/p>\n<p style=\"text-align: center;\">No Col\u00e9gio Alfredo Dutra o comparecimento de eleitores foi pequeno<\/p>\n<p>\u00a0<\/p>\n<p>Nos col\u00e9gios Alfredo Dutra, Emarc, Savina e Industrial, as se\u00e7\u00f5es estavam praticamente vazias. A maior movimenta\u00e7\u00e3o se deu no Col\u00e9gio Batista, Polivalente e Noralice Gusm\u00e3o.<\/p>\n<p style=\"text-align: center;\"><a rel=\"attachment wp-att-868\" href=\"http:\/\/sudoestehoje.tempsite.ws\/novoportal\/2010\/10\/03\/eleicoes-abstencao-em-itapetinga-pode-surpreender\/100_3533\/\"><img loading=\"lazy\" decoding=\"async\" class=\"size-medium wp-image-868  aligncenter\" title=\"100_3533\" src=\"http:\/\/sudoestehoje.tempsite.ws\/novoportal\/wp-content\/uploads\/2010\/10\/100_3533-500x375.jpg\" alt=\"\" width=\"500\" height=\"375\" srcset=\"https:\/\/www.sudoestehoje.com.br\/novoportal\/wp-content\/uploads\/2010\/10\/100_3533-500x375.jpg 500w, https:\/\/www.sudoestehoje.com.br\/novoportal\/wp-content\/uploads\/2010\/10\/100_3533-1024x768.jpg 1024w\" sizes=\"auto, (max-width: 500px) 100vw, 500px\" \/><\/a><\/p>\n<p style=\"text-align: center;\">A sujeira nas ruas foi reprovada pela popula\u00e7\u00e3o<\/p>\n<p>\u00a0<\/p>\n<p>Mas o que marcou mesmo este dia de elei\u00e7\u00f5es, foi a enorme quantidade de panfletos, cartazes e santinhos, jogados\u00a0nas principais ruas da cidade, o que demonstra a total falta de respeito dos candidatos e seus coordenadores de campanha, pela coisa p\u00fablica.<\/p>\n<p>Davi Ferraz<\/p>\n","protected":false},"excerpt":{"rendered":"<p>Se\u00e7\u00f5es do Col\u00e9gio Batista foram as mais concorridas \u00a0 ITAPETINGA:\u00a0 At\u00e9 o meio dia deste domingo de elei\u00e7\u00f5es, a presen\u00e7a de eleitores nos principais locais de vota\u00e7\u00e3o foi pequena, o que refor\u00e7a a tese de que a absten\u00e7\u00e3o deve ser grande, muito acima da m\u00e9dia das \u00faltimas elei\u00e7\u00f5es. As poucas pessoas que compareceram para votar, [&hellip;]<\/p>\n","protected":false},"author":2,"featured_media":0,"comment_status":"open","ping_status":"open","sticky":false,"template":"","format":"standard","meta":{"footnotes":"","_links_to":"","_links_to_target":""},"categories":[1],"tags":[],"class_list":["post-864","post","type-post","status-publish","format-standard","hentry","category-geral"],"views":1309,"_links":{"self":[{"href":"https:\/\/www.sudoestehoje.com.br\/novoportal\/wp-json\/wp\/v2\/posts\/864","targetHints":{"allow":["GET"]}}],"collection":[{"href":"https:\/\/www.sudoestehoje.com.br\/novoportal\/wp-json\/wp\/v2\/posts"}],"about":[{"href":"https:\/\/www.sudoestehoje.com.br\/novoportal\/wp-json\/wp\/v2\/types\/post"}],"author":[{"embeddable":true,"href":"https:\/\/www.sudoestehoje.com.br\/novoportal\/wp-json\/wp\/v2\/users\/2"}],"replies":[{"embeddable":true,"href":"https:\/\/www.sudoestehoje.com.br\/novoportal\/wp-json\/wp\/v2\/comments?post=864"}],"version-history":[{"count":8,"href":"https:\/\/www.sudoestehoje.com.br\/novoportal\/wp-json\/wp\/v2\/posts\/864\/revisions"}],"predecessor-version":[{"id":876,"href":"https:\/\/www.sudoestehoje.com.br\/novoportal\/wp-json\/wp\/v2\/posts\/864\/revisions\/876"}],"wp:attachment":[{"href":"https:\/\/www.sudoestehoje.com.br\/novoportal\/wp-json\/wp\/v2\/media?parent=864"}],"wp:term":[{"taxonomy":"category","embeddable":true,"href":"https:\/\/www.sudoestehoje.com.br\/novoportal\/wp-json\/wp\/v2\/categories?post=864"},{"taxonomy":"post_tag","embeddable":true,"href":"https:\/\/www.sudoestehoje.com.br\/novoportal\/wp-json\/wp\/v2\/tags?post=864"}],"curies":[{"name":"wp","href":"https:\/\/api.w.org\/{rel}","templated":true}]}}