
{"id":86398,"date":"2020-04-27T19:00:13","date_gmt":"2020-04-27T22:00:13","guid":{"rendered":"https:\/\/www.sudoestehoje.com.br\/novoportal\/?p=86398"},"modified":"2020-04-27T19:01:47","modified_gmt":"2020-04-27T22:01:47","slug":"itapetinga-idoso-morre-com-suspeita-de-covid-19-e-e-sepultado-em-caixao-lacrado","status":"publish","type":"post","link":"https:\/\/www.sudoestehoje.com.br\/novoportal\/2020\/04\/27\/itapetinga-idoso-morre-com-suspeita-de-covid-19-e-e-sepultado-em-caixao-lacrado\/","title":{"rendered":"ITAPETINGA: IDOSO MORRE COM SUSPEITA DE COVID-19 E \u00c9 SEPULTADO EM CAIX\u00c3O LACRADO"},"content":{"rendered":"<p><a href=\"https:\/\/www.sudoestehoje.com.br\/novoportal\/wp-content\/uploads\/2020\/04\/plena-1.jpeg\"><img loading=\"lazy\" decoding=\"async\" class=\"aligncenter size-medium wp-image-86400\" src=\"https:\/\/www.sudoestehoje.com.br\/novoportal\/wp-content\/uploads\/2020\/04\/plena-1-500x315.jpeg\" alt=\"\" width=\"500\" height=\"315\" srcset=\"https:\/\/www.sudoestehoje.com.br\/novoportal\/wp-content\/uploads\/2020\/04\/plena-1-500x315.jpeg 500w, https:\/\/www.sudoestehoje.com.br\/novoportal\/wp-content\/uploads\/2020\/04\/plena-1-700x440.jpeg 700w, https:\/\/www.sudoestehoje.com.br\/novoportal\/wp-content\/uploads\/2020\/04\/plena-1-768x483.jpeg 768w, https:\/\/www.sudoestehoje.com.br\/novoportal\/wp-content\/uploads\/2020\/04\/plena-1.jpeg 960w\" sizes=\"auto, (max-width: 500px) 100vw, 500px\" \/><\/a><\/p>\n<p>Na tarde desta segunda-feira (27), foi realizado o sepultamento de um idoso de 63 anos de idade, que faleceu pela manh\u00e3, na UPA de Itapetinga, com suspeita de Coronav\u00edrus, devido aos sintomas apresentados pelo paciente.<\/p>\n<p>Ao contr\u00e1rio de outros casos de mortes com suspeita de Coronav\u00edrus no munic\u00edpio, desta vez foram adotados todos os cuidados que esses casos requerem, com sepultamento em caix\u00e3o lacrado, realizado por empresa funer\u00e1ria especializada, conforme recomenda\u00e7\u00e3o da vigil\u00e2ncia epidemiol\u00f3gica do munic\u00edpio, para evitar a transmiss\u00e3o do virus.<\/p>\n<p>A nova Funer\u00e1ria PAX VIDA PLENA foi quem fez o servi\u00e7o funer\u00e1rio do corpo com suspeita de COVID 19, retirando da UPA e encaminhando direto para o Cemit\u00e9rio Parque da Eternidade, no bairro Nova Itapetinga, como recomendam os \u00f3rg\u00e3os de Sa\u00fade.<\/p>\n<p>Os funcion\u00e1rios da Vida Plena, estavam devidamente equipados com os EPIs necess\u00e1rios, como botas, macac\u00e3o imperme\u00e1vel e m\u00e1scaras, para seguran\u00e7a dos colaboradores, familiares e popula\u00e7\u00e3o em geral.<\/p>\n<p>Por recomenda\u00e7\u00e3o da Vigil\u00e2ncia Epidemiol\u00f3gica, infelizmente n\u00e3o foi poss\u00edvel a realiza\u00e7\u00e3o do tradicional vel\u00f3rio, nem a aproxima\u00e7\u00e3o de familiares e amigos durante o sepultamento. <strong><em>Confira as fotos:<\/em><\/strong><\/p>\n\n\t\t<style type=\"text\/css\">\n\t\t\t#gallery-1 {\n\t\t\t\tmargin: auto;\n\t\t\t}\n\t\t\t#gallery-1 .gallery-item {\n\t\t\t\tfloat: left;\n\t\t\t\tmargin-top: 10px;\n\t\t\t\ttext-align: center;\n\t\t\t\twidth: 33%;\n\t\t\t}\n\t\t\t#gallery-1 img {\n\t\t\t\tborder: 2px solid #cfcfcf;\n\t\t\t}\n\t\t\t#gallery-1 .gallery-caption {\n\t\t\t\tmargin-left: 0;\n\t\t\t}\n\t\t\t\/* see gallery_shortcode() in wp-includes\/media.php *\/\n\t\t<\/style>\n\t\t<div id='gallery-1' class='gallery galleryid-86398 gallery-columns-3 gallery-size-thumbnail'><dl class='gallery-item'>\n\t\t\t<dt class='gallery-icon landscape'>\n\t\t\t\t<a href='https:\/\/www.sudoestehoje.com.br\/novoportal\/2020\/04\/27\/itapetinga-idoso-morre-com-suspeita-de-covid-19-e-e-sepultado-em-caixao-lacrado\/plena-2-2\/'><img loading=\"lazy\" decoding=\"async\" width=\"150\" height=\"150\" src=\"https:\/\/www.sudoestehoje.com.br\/novoportal\/wp-content\/uploads\/2020\/04\/plena-2-150x150.jpeg\" class=\"attachment-thumbnail size-thumbnail\" alt=\"\" \/><\/a>\n\t\t\t<\/dt><\/dl><dl class='gallery-item'>\n\t\t\t<dt class='gallery-icon landscape'>\n\t\t\t\t<a href='https:\/\/www.sudoestehoje.com.br\/novoportal\/2020\/04\/27\/itapetinga-idoso-morre-com-suspeita-de-covid-19-e-e-sepultado-em-caixao-lacrado\/plena-3-2\/'><img loading=\"lazy\" decoding=\"async\" width=\"150\" height=\"150\" src=\"https:\/\/www.sudoestehoje.com.br\/novoportal\/wp-content\/uploads\/2020\/04\/plena-3-150x150.jpeg\" class=\"attachment-thumbnail size-thumbnail\" alt=\"\" \/><\/a>\n\t\t\t<\/dt><\/dl><dl class='gallery-item'>\n\t\t\t<dt class='gallery-icon landscape'>\n\t\t\t\t<a href='https:\/\/www.sudoestehoje.com.br\/novoportal\/2020\/04\/27\/itapetinga-idoso-morre-com-suspeita-de-covid-19-e-e-sepultado-em-caixao-lacrado\/plena-4-2\/'><img loading=\"lazy\" decoding=\"async\" width=\"150\" height=\"150\" src=\"https:\/\/www.sudoestehoje.com.br\/novoportal\/wp-content\/uploads\/2020\/04\/plena-4-150x150.jpeg\" class=\"attachment-thumbnail size-thumbnail\" alt=\"\" \/><\/a>\n\t\t\t<\/dt><\/dl><br style=\"clear: both\" \/>\n\t\t<\/div>\n\n","protected":false},"excerpt":{"rendered":"<p>Na tarde desta segunda-feira (27), foi realizado o sepultamento de um idoso de 63 anos de idade, que faleceu pela manh\u00e3, na UPA de Itapetinga, com suspeita de Coronav\u00edrus, devido aos sintomas apresentados pelo paciente. Ao contr\u00e1rio de outros casos de mortes com suspeita de Coronav\u00edrus no munic\u00edpio, desta vez foram adotados todos os cuidados [&hellip;]<\/p>\n","protected":false},"author":2,"featured_media":86400,"comment_status":"open","ping_status":"open","sticky":false,"template":"","format":"standard","meta":{"footnotes":"","_links_to":"","_links_to_target":""},"categories":[1],"tags":[],"class_list":["post-86398","post","type-post","status-publish","format-standard","has-post-thumbnail","hentry","category-geral"],"views":4468,"_links":{"self":[{"href":"https:\/\/www.sudoestehoje.com.br\/novoportal\/wp-json\/wp\/v2\/posts\/86398","targetHints":{"allow":["GET"]}}],"collection":[{"href":"https:\/\/www.sudoestehoje.com.br\/novoportal\/wp-json\/wp\/v2\/posts"}],"about":[{"href":"https:\/\/www.sudoestehoje.com.br\/novoportal\/wp-json\/wp\/v2\/types\/post"}],"author":[{"embeddable":true,"href":"https:\/\/www.sudoestehoje.com.br\/novoportal\/wp-json\/wp\/v2\/users\/2"}],"replies":[{"embeddable":true,"href":"https:\/\/www.sudoestehoje.com.br\/novoportal\/wp-json\/wp\/v2\/comments?post=86398"}],"version-history":[{"count":3,"href":"https:\/\/www.sudoestehoje.com.br\/novoportal\/wp-json\/wp\/v2\/posts\/86398\/revisions"}],"predecessor-version":[{"id":86405,"href":"https:\/\/www.sudoestehoje.com.br\/novoportal\/wp-json\/wp\/v2\/posts\/86398\/revisions\/86405"}],"wp:featuredmedia":[{"embeddable":true,"href":"https:\/\/www.sudoestehoje.com.br\/novoportal\/wp-json\/wp\/v2\/media\/86400"}],"wp:attachment":[{"href":"https:\/\/www.sudoestehoje.com.br\/novoportal\/wp-json\/wp\/v2\/media?parent=86398"}],"wp:term":[{"taxonomy":"category","embeddable":true,"href":"https:\/\/www.sudoestehoje.com.br\/novoportal\/wp-json\/wp\/v2\/categories?post=86398"},{"taxonomy":"post_tag","embeddable":true,"href":"https:\/\/www.sudoestehoje.com.br\/novoportal\/wp-json\/wp\/v2\/tags?post=86398"}],"curies":[{"name":"wp","href":"https:\/\/api.w.org\/{rel}","templated":true}]}}