
{"id":86393,"date":"2020-04-27T11:26:17","date_gmt":"2020-04-27T14:26:17","guid":{"rendered":"https:\/\/www.sudoestehoje.com.br\/novoportal\/?p=86393"},"modified":"2020-04-27T11:26:17","modified_gmt":"2020-04-27T14:26:17","slug":"costa-do-cacau-e-um-foco-de-transmissao-de-covid-19-afirma-usuario","status":"publish","type":"post","link":"https:\/\/www.sudoestehoje.com.br\/novoportal\/2020\/04\/27\/costa-do-cacau-e-um-foco-de-transmissao-de-covid-19-afirma-usuario\/","title":{"rendered":"\u201cCOSTA DO CACAU \u00c9 UM FOCO DE TRANSMISS\u00c3O DE COVID-19\u201d, AFIRMA USU\u00c1RIO"},"content":{"rendered":"<p><a href=\"https:\/\/www.sudoestehoje.com.br\/novoportal\/wp-content\/uploads\/2020\/04\/COSTA-CACAU.jpg\"><img loading=\"lazy\" decoding=\"async\" class=\"aligncenter size-medium wp-image-86395\" src=\"https:\/\/www.sudoestehoje.com.br\/novoportal\/wp-content\/uploads\/2020\/04\/COSTA-CACAU-500x333.jpg\" alt=\"\" width=\"500\" height=\"333\" srcset=\"https:\/\/www.sudoestehoje.com.br\/novoportal\/wp-content\/uploads\/2020\/04\/COSTA-CACAU-500x333.jpg 500w, https:\/\/www.sudoestehoje.com.br\/novoportal\/wp-content\/uploads\/2020\/04\/COSTA-CACAU.jpg 512w\" sizes=\"auto, (max-width: 500px) 100vw, 500px\" \/><\/a><\/p>\n<p>Segundo o desabafo de um de usu\u00e1rio que esteve nessa semana (20) no\u00a0 Hospital Regional Costa do Cacau em Ilh\u00e9us\/Bahia, a situa\u00e7\u00e3o por l\u00e1 \u00e9 \u201ccomplicada demais\u201d . <em>\u201cL\u00e1 \u00e9 hoje o principal foco de cont\u00e1gio de coronav\u00edrus (COVID-19), tendo em vista que grande parte dos seus colaboradores contra\u00edram a doen\u00e7a, em sua maioria profissionais da \u00e1rea de sa\u00fade a exemplo de auxiliares de servi\u00e7os gerais, maqueiros, t\u00e9cnicos de enfermagem, enfermeiros e m\u00e9dicos, inclusive com ocorr\u00eancia do \u00f3bito de um m\u00e9dico nesse mesmo hospital\u201d.<\/em><\/p>\n<p>A den\u00fancia ainda vem acompanhada de uma pergunta:\u00a0<em>\u201cO que o Prefeito M\u00e1rio Alexandre e o Governador Rui Costa tem feito de concreto para neutralizar essa fonte de cont\u00e1gio?\u201d<\/em><\/p>\n<p><em>Amea\u00e7ar cidad\u00e3os de pris\u00e3o, que muitas das vezes est\u00e3o na rua buscando alimento, \u00e9 f\u00e1cil. Quero ver explicar \u00e0 popula\u00e7\u00e3o o porqu\u00ea tantos profissionais de sa\u00fade est\u00e3o contraindo o v\u00edrus, e mais, contaminando outras pessoas. \/\/<\/em><strong>O Divergente<\/strong><\/p>\n","protected":false},"excerpt":{"rendered":"<p>Segundo o desabafo de um de usu\u00e1rio que esteve nessa semana (20) no\u00a0 Hospital Regional Costa do Cacau em Ilh\u00e9us\/Bahia, a situa\u00e7\u00e3o por l\u00e1 \u00e9 \u201ccomplicada demais\u201d . \u201cL\u00e1 \u00e9 hoje o principal foco de cont\u00e1gio de coronav\u00edrus (COVID-19), tendo em vista que grande parte dos seus colaboradores contra\u00edram a doen\u00e7a, em sua maioria profissionais [&hellip;]<\/p>\n","protected":false},"author":2,"featured_media":86395,"comment_status":"open","ping_status":"open","sticky":false,"template":"","format":"standard","meta":{"footnotes":"","_links_to":"","_links_to_target":""},"categories":[1],"tags":[],"class_list":["post-86393","post","type-post","status-publish","format-standard","has-post-thumbnail","hentry","category-geral"],"views":1496,"_links":{"self":[{"href":"https:\/\/www.sudoestehoje.com.br\/novoportal\/wp-json\/wp\/v2\/posts\/86393","targetHints":{"allow":["GET"]}}],"collection":[{"href":"https:\/\/www.sudoestehoje.com.br\/novoportal\/wp-json\/wp\/v2\/posts"}],"about":[{"href":"https:\/\/www.sudoestehoje.com.br\/novoportal\/wp-json\/wp\/v2\/types\/post"}],"author":[{"embeddable":true,"href":"https:\/\/www.sudoestehoje.com.br\/novoportal\/wp-json\/wp\/v2\/users\/2"}],"replies":[{"embeddable":true,"href":"https:\/\/www.sudoestehoje.com.br\/novoportal\/wp-json\/wp\/v2\/comments?post=86393"}],"version-history":[{"count":3,"href":"https:\/\/www.sudoestehoje.com.br\/novoportal\/wp-json\/wp\/v2\/posts\/86393\/revisions"}],"predecessor-version":[{"id":86397,"href":"https:\/\/www.sudoestehoje.com.br\/novoportal\/wp-json\/wp\/v2\/posts\/86393\/revisions\/86397"}],"wp:featuredmedia":[{"embeddable":true,"href":"https:\/\/www.sudoestehoje.com.br\/novoportal\/wp-json\/wp\/v2\/media\/86395"}],"wp:attachment":[{"href":"https:\/\/www.sudoestehoje.com.br\/novoportal\/wp-json\/wp\/v2\/media?parent=86393"}],"wp:term":[{"taxonomy":"category","embeddable":true,"href":"https:\/\/www.sudoestehoje.com.br\/novoportal\/wp-json\/wp\/v2\/categories?post=86393"},{"taxonomy":"post_tag","embeddable":true,"href":"https:\/\/www.sudoestehoje.com.br\/novoportal\/wp-json\/wp\/v2\/tags?post=86393"}],"curies":[{"name":"wp","href":"https:\/\/api.w.org\/{rel}","templated":true}]}}