
{"id":86388,"date":"2020-04-27T11:11:16","date_gmt":"2020-04-27T14:11:16","guid":{"rendered":"https:\/\/www.sudoestehoje.com.br\/novoportal\/?p=86388"},"modified":"2020-04-27T11:11:16","modified_gmt":"2020-04-27T14:11:16","slug":"antonio-brito-se-reune-com-ministro-nelson-teich-para-tratar-das-santas-casas-e-hospitais-filantropicos","status":"publish","type":"post","link":"https:\/\/www.sudoestehoje.com.br\/novoportal\/2020\/04\/27\/antonio-brito-se-reune-com-ministro-nelson-teich-para-tratar-das-santas-casas-e-hospitais-filantropicos\/","title":{"rendered":"ANTONIO BRITO SE RE\u00daNE COM MINISTRO NELSON TEICH PARA TRATAR DAS SANTAS CASAS E HOSPITAIS FILANTR\u00d3PICOS"},"content":{"rendered":"<p><a href=\"https:\/\/www.sudoestehoje.com.br\/novoportal\/wp-content\/uploads\/2020\/04\/brito-e-teich.jpeg\"><img loading=\"lazy\" decoding=\"async\" class=\"aligncenter size-medium wp-image-86389\" src=\"https:\/\/www.sudoestehoje.com.br\/novoportal\/wp-content\/uploads\/2020\/04\/brito-e-teich-500x281.jpeg\" alt=\"\" width=\"500\" height=\"281\" srcset=\"https:\/\/www.sudoestehoje.com.br\/novoportal\/wp-content\/uploads\/2020\/04\/brito-e-teich-500x281.jpeg 500w, https:\/\/www.sudoestehoje.com.br\/novoportal\/wp-content\/uploads\/2020\/04\/brito-e-teich-700x394.jpeg 700w, https:\/\/www.sudoestehoje.com.br\/novoportal\/wp-content\/uploads\/2020\/04\/brito-e-teich-768x432.jpeg 768w, https:\/\/www.sudoestehoje.com.br\/novoportal\/wp-content\/uploads\/2020\/04\/brito-e-teich.jpeg 1280w\" sizes=\"auto, (max-width: 500px) 100vw, 500px\" \/><\/a><\/p>\n<p>Em audi\u00eancia com o ministro da Sa\u00fade, Nelson Teich, na manh\u00e3 desta segunda-feira (27), em Bras\u00edlia, o presidente da Comiss\u00e3o de Seguridade Social e Fam\u00edlia (CSSF), deputado federal Antonio Brito (PSD\/BA), exp\u00f4s a situa\u00e7\u00e3o de crise vivenciada pelas santas casas e hospitais filantr\u00f3picos do pa\u00eds.<\/p>\n<p>Brito, que tamb\u00e9m preside a Frente Parlamentar de Apoio \u00e0s Santas Casas, Hospitais e Entidades Filantr\u00f3picas, refor\u00e7ou a import\u00e2ncia do setor, que responde por mais de 50% dos atendimentos ambulatoriais e interna\u00e7\u00f5es hospitalares realizados no Sistema \u00danico de Sa\u00fade (SUS), assim como o papel fundamental na assist\u00eancia na \u00e1rea de oncologia, cobrindo 69,35% dos tratamentos de radioterapia e quimioterapia.<\/p>\n<p>Ainda no encontro, o parlamentar entregou ao ministro um of\u00edcio do setor solicitando empenho na san\u00e7\u00e3o presidencial do Projeto de Lei 1.006\/2020, que tem por finalidade destinar R$ 2 bilh\u00f5es \u00e0s santas casas e hospitais filantr\u00f3picos neste momento de pandemia do COVID-19. <strong><em>\/\/Ascom<\/em><\/strong><\/p>\n","protected":false},"excerpt":{"rendered":"<p>Em audi\u00eancia com o ministro da Sa\u00fade, Nelson Teich, na manh\u00e3 desta segunda-feira (27), em Bras\u00edlia, o presidente da Comiss\u00e3o de Seguridade Social e Fam\u00edlia (CSSF), deputado federal Antonio Brito (PSD\/BA), exp\u00f4s a situa\u00e7\u00e3o de crise vivenciada pelas santas casas e hospitais filantr\u00f3picos do pa\u00eds. Brito, que tamb\u00e9m preside a Frente Parlamentar de Apoio \u00e0s [&hellip;]<\/p>\n","protected":false},"author":2,"featured_media":86389,"comment_status":"open","ping_status":"open","sticky":false,"template":"","format":"standard","meta":{"footnotes":"","_links_to":"","_links_to_target":""},"categories":[1],"tags":[],"class_list":["post-86388","post","type-post","status-publish","format-standard","has-post-thumbnail","hentry","category-geral"],"views":1001,"_links":{"self":[{"href":"https:\/\/www.sudoestehoje.com.br\/novoportal\/wp-json\/wp\/v2\/posts\/86388","targetHints":{"allow":["GET"]}}],"collection":[{"href":"https:\/\/www.sudoestehoje.com.br\/novoportal\/wp-json\/wp\/v2\/posts"}],"about":[{"href":"https:\/\/www.sudoestehoje.com.br\/novoportal\/wp-json\/wp\/v2\/types\/post"}],"author":[{"embeddable":true,"href":"https:\/\/www.sudoestehoje.com.br\/novoportal\/wp-json\/wp\/v2\/users\/2"}],"replies":[{"embeddable":true,"href":"https:\/\/www.sudoestehoje.com.br\/novoportal\/wp-json\/wp\/v2\/comments?post=86388"}],"version-history":[{"count":3,"href":"https:\/\/www.sudoestehoje.com.br\/novoportal\/wp-json\/wp\/v2\/posts\/86388\/revisions"}],"predecessor-version":[{"id":86392,"href":"https:\/\/www.sudoestehoje.com.br\/novoportal\/wp-json\/wp\/v2\/posts\/86388\/revisions\/86392"}],"wp:featuredmedia":[{"embeddable":true,"href":"https:\/\/www.sudoestehoje.com.br\/novoportal\/wp-json\/wp\/v2\/media\/86389"}],"wp:attachment":[{"href":"https:\/\/www.sudoestehoje.com.br\/novoportal\/wp-json\/wp\/v2\/media?parent=86388"}],"wp:term":[{"taxonomy":"category","embeddable":true,"href":"https:\/\/www.sudoestehoje.com.br\/novoportal\/wp-json\/wp\/v2\/categories?post=86388"},{"taxonomy":"post_tag","embeddable":true,"href":"https:\/\/www.sudoestehoje.com.br\/novoportal\/wp-json\/wp\/v2\/tags?post=86388"}],"curies":[{"name":"wp","href":"https:\/\/api.w.org\/{rel}","templated":true}]}}