
{"id":86380,"date":"2020-04-26T21:17:29","date_gmt":"2020-04-27T00:17:29","guid":{"rendered":"https:\/\/www.sudoestehoje.com.br\/novoportal\/?p=86380"},"modified":"2020-04-26T21:57:01","modified_gmt":"2020-04-27T00:57:01","slug":"azaleia-retoma-operacoes-nesta-segunda-com-jornada-de-trabalho-reduzida","status":"publish","type":"post","link":"https:\/\/www.sudoestehoje.com.br\/novoportal\/2020\/04\/26\/azaleia-retoma-operacoes-nesta-segunda-com-jornada-de-trabalho-reduzida\/","title":{"rendered":"AZALEIA RETOMA OPERA\u00c7\u00d5ES NESTA SEGUNDA COM JORNADA DE TRABALHO REDUZIDA"},"content":{"rendered":"<p><a href=\"https:\/\/www.sudoestehoje.com.br\/novoportal\/wp-content\/uploads\/2020\/04\/AZALEIA-500x375-2.jpg\"><img loading=\"lazy\" decoding=\"async\" class=\"aligncenter size-full wp-image-86383\" src=\"https:\/\/www.sudoestehoje.com.br\/novoportal\/wp-content\/uploads\/2020\/04\/AZALEIA-500x375-2.jpg\" alt=\"\" width=\"500\" height=\"375\" \/><\/a><\/p>\n<p>Ap\u00f3s concess\u00e3o de f\u00e9rias coletivas aos seus colaboradores, por longo per\u00edodo, a <strong>Vulcabras Azaleia<\/strong> informou na \u00faltima sexta-feira (24) que come\u00e7ou a retomada de suas opera\u00e7\u00f5es em todas as unidades da companhia.<\/p>\n<p>De acordo com a empresa, nas unidades produtivas de Horizonte e<strong>\u00a0Itapetinga<\/strong>, a abertura ser\u00e1 no <strong>dia 27 de abril<\/strong>, com<strong> redu\u00e7\u00e3o de jornada e sal\u00e1rios em 70%. <\/strong><\/p>\n<p>A empresa vai aplicar o que disp\u00f5em medidas provis\u00f3rias do Governo Federal, que preveem o pagamento de apenas 30% dos sal\u00e1rios pelo empregador.\u00a0O restante dos sal\u00e1rios (70%), ser\u00e1 liberado pelo Minist\u00e9rio do Trabalho, ap\u00f3s c\u00e1lculo sobre o FGTS dos empregados.<\/p>\n<p>J\u00e1 no Rio Grande do Sul e em S\u00e3o Paulo, o retorno ser\u00e1 a partir de 4 de maio, com redu\u00e7\u00e3o de 25% no sal\u00e1rio e na jornada de trabalho.<\/p>\n<p><strong><em>Por Davi Ferraz<\/em><\/strong><\/p>\n","protected":false},"excerpt":{"rendered":"<p>Ap\u00f3s concess\u00e3o de f\u00e9rias coletivas aos seus colaboradores, por longo per\u00edodo, a Vulcabras Azaleia informou na \u00faltima sexta-feira (24) que come\u00e7ou a retomada de suas opera\u00e7\u00f5es em todas as unidades da companhia. De acordo com a empresa, nas unidades produtivas de Horizonte e\u00a0Itapetinga, a abertura ser\u00e1 no dia 27 de abril, com redu\u00e7\u00e3o de jornada [&hellip;]<\/p>\n","protected":false},"author":2,"featured_media":86383,"comment_status":"open","ping_status":"open","sticky":false,"template":"","format":"standard","meta":{"footnotes":"","_links_to":"","_links_to_target":""},"categories":[1],"tags":[],"class_list":["post-86380","post","type-post","status-publish","format-standard","has-post-thumbnail","hentry","category-geral"],"views":2415,"_links":{"self":[{"href":"https:\/\/www.sudoestehoje.com.br\/novoportal\/wp-json\/wp\/v2\/posts\/86380","targetHints":{"allow":["GET"]}}],"collection":[{"href":"https:\/\/www.sudoestehoje.com.br\/novoportal\/wp-json\/wp\/v2\/posts"}],"about":[{"href":"https:\/\/www.sudoestehoje.com.br\/novoportal\/wp-json\/wp\/v2\/types\/post"}],"author":[{"embeddable":true,"href":"https:\/\/www.sudoestehoje.com.br\/novoportal\/wp-json\/wp\/v2\/users\/2"}],"replies":[{"embeddable":true,"href":"https:\/\/www.sudoestehoje.com.br\/novoportal\/wp-json\/wp\/v2\/comments?post=86380"}],"version-history":[{"count":5,"href":"https:\/\/www.sudoestehoje.com.br\/novoportal\/wp-json\/wp\/v2\/posts\/86380\/revisions"}],"predecessor-version":[{"id":86386,"href":"https:\/\/www.sudoestehoje.com.br\/novoportal\/wp-json\/wp\/v2\/posts\/86380\/revisions\/86386"}],"wp:featuredmedia":[{"embeddable":true,"href":"https:\/\/www.sudoestehoje.com.br\/novoportal\/wp-json\/wp\/v2\/media\/86383"}],"wp:attachment":[{"href":"https:\/\/www.sudoestehoje.com.br\/novoportal\/wp-json\/wp\/v2\/media?parent=86380"}],"wp:term":[{"taxonomy":"category","embeddable":true,"href":"https:\/\/www.sudoestehoje.com.br\/novoportal\/wp-json\/wp\/v2\/categories?post=86380"},{"taxonomy":"post_tag","embeddable":true,"href":"https:\/\/www.sudoestehoje.com.br\/novoportal\/wp-json\/wp\/v2\/tags?post=86380"}],"curies":[{"name":"wp","href":"https:\/\/api.w.org\/{rel}","templated":true}]}}