
{"id":86345,"date":"2020-04-24T18:51:43","date_gmt":"2020-04-24T21:51:43","guid":{"rendered":"https:\/\/www.sudoestehoje.com.br\/novoportal\/?p=86345"},"modified":"2020-04-24T18:51:43","modified_gmt":"2020-04-24T21:51:43","slug":"bahia-noticias-repercute-materia-do-sudoeste-hoje-sobre-morte-por-covid-19","status":"publish","type":"post","link":"https:\/\/www.sudoestehoje.com.br\/novoportal\/2020\/04\/24\/bahia-noticias-repercute-materia-do-sudoeste-hoje-sobre-morte-por-covid-19\/","title":{"rendered":"BAHIA NOT\u00cdCIAS REPERCUTE MAT\u00c9RIA DO SUDOESTE HOJE SOBRE MORTE POR COVID-19"},"content":{"rendered":"<p>Ap\u00f3s grande repercuss\u00e3o na regi\u00e3o Sudoeste sobre a 2\u00aa morte por Coronav\u00edrus em Itapetinga, anunciada nesta sexta-feira (24), o maior portal de not\u00edcias do Norte e Nordeste, o BAHIA NOT\u00cdCIAS, repercutiu a mat\u00e9ria do Sudoeste Hoje, blog l\u00edder no M\u00e9dio Sudoeste Baiano. Confira a mat\u00e9ria do BN:<\/p>\n<p><em><strong>&#8220;<a href=\"https:\/\/www.bahianoticias.com.br\/municipios\/noticia\/20402-itapetinga-prefeitura-confirma-a-segunda-morte-pela-covid-19-no-municipio.html\">Itapetinga: Prefeitura confirma a segunda morte pela Covid-19 no munic\u00edpio<\/a><\/strong><\/em><\/p>\n<p><a href=\"https:\/\/www.sudoestehoje.com.br\/novoportal\/wp-content\/uploads\/2020\/04\/prefeitura.jpg\"><img loading=\"lazy\" decoding=\"async\" class=\"aligncenter size-full wp-image-86346\" src=\"https:\/\/www.sudoestehoje.com.br\/novoportal\/wp-content\/uploads\/2020\/04\/prefeitura.jpg\" alt=\"\" width=\"380\" height=\"280\" \/><\/a><\/p>\n<p><em><strong>A prefeitura de Itapetinga anunciou, em entrevista coletiva na tarde desta sexta-feira (24), a segunda morte pelo novo coronav\u00edrus no munic\u00edpio. As informa\u00e7\u00f5es s\u00e3o do portal Sudoeste Hoje.<\/strong><\/em><\/p>\n<p><em><strong>Trata-se de um homem de 74 anos que havia realizado uma cirurgia em decorr\u00eancia de uma fratura de f\u00eamur no Hospital Costa do Cacau, em Ilh\u00e9us. Ao retornar a Itapetinga, ele sentiu alguns sintomas da Covid-19 e foi internado no Hospital Cristo Redentor, vindo a falecer na \u00faltima quarta-feira (22), no setor de isolamento.<\/strong><\/em><\/p>\n<p><em><strong>Ap\u00f3s o \u00f3bito, o material para teste foi colhido pela Secretaria Municipal de Sa\u00fade e enviado ao Laborat\u00f3rio Central de Sa\u00fade P\u00fablica, em Salvador, testando positivo para o novo coronav\u00edrus nesta sexta.<\/strong><\/em><\/p>\n<p><em><strong>At\u00e9 o momento, Itapetinga contabiliza cinco casos confirmados da Covid-19, com dois \u00f3bitos.&#8221;<\/strong><\/em><\/p>\n","protected":false},"excerpt":{"rendered":"<p>Ap\u00f3s grande repercuss\u00e3o na regi\u00e3o Sudoeste sobre a 2\u00aa morte por Coronav\u00edrus em Itapetinga, anunciada nesta sexta-feira (24), o maior portal de not\u00edcias do Norte e Nordeste, o BAHIA NOT\u00cdCIAS, repercutiu a mat\u00e9ria do Sudoeste Hoje, blog l\u00edder no M\u00e9dio Sudoeste Baiano. Confira a mat\u00e9ria do BN: &#8220;Itapetinga: Prefeitura confirma a segunda morte pela Covid-19 [&hellip;]<\/p>\n","protected":false},"author":2,"featured_media":86346,"comment_status":"open","ping_status":"open","sticky":false,"template":"","format":"standard","meta":{"footnotes":"","_links_to":"","_links_to_target":""},"categories":[1],"tags":[],"class_list":["post-86345","post","type-post","status-publish","format-standard","has-post-thumbnail","hentry","category-geral"],"views":1560,"_links":{"self":[{"href":"https:\/\/www.sudoestehoje.com.br\/novoportal\/wp-json\/wp\/v2\/posts\/86345","targetHints":{"allow":["GET"]}}],"collection":[{"href":"https:\/\/www.sudoestehoje.com.br\/novoportal\/wp-json\/wp\/v2\/posts"}],"about":[{"href":"https:\/\/www.sudoestehoje.com.br\/novoportal\/wp-json\/wp\/v2\/types\/post"}],"author":[{"embeddable":true,"href":"https:\/\/www.sudoestehoje.com.br\/novoportal\/wp-json\/wp\/v2\/users\/2"}],"replies":[{"embeddable":true,"href":"https:\/\/www.sudoestehoje.com.br\/novoportal\/wp-json\/wp\/v2\/comments?post=86345"}],"version-history":[{"count":1,"href":"https:\/\/www.sudoestehoje.com.br\/novoportal\/wp-json\/wp\/v2\/posts\/86345\/revisions"}],"predecessor-version":[{"id":86347,"href":"https:\/\/www.sudoestehoje.com.br\/novoportal\/wp-json\/wp\/v2\/posts\/86345\/revisions\/86347"}],"wp:featuredmedia":[{"embeddable":true,"href":"https:\/\/www.sudoestehoje.com.br\/novoportal\/wp-json\/wp\/v2\/media\/86346"}],"wp:attachment":[{"href":"https:\/\/www.sudoestehoje.com.br\/novoportal\/wp-json\/wp\/v2\/media?parent=86345"}],"wp:term":[{"taxonomy":"category","embeddable":true,"href":"https:\/\/www.sudoestehoje.com.br\/novoportal\/wp-json\/wp\/v2\/categories?post=86345"},{"taxonomy":"post_tag","embeddable":true,"href":"https:\/\/www.sudoestehoje.com.br\/novoportal\/wp-json\/wp\/v2\/tags?post=86345"}],"curies":[{"name":"wp","href":"https:\/\/api.w.org\/{rel}","templated":true}]}}