
{"id":8634,"date":"2011-09-14T00:05:22","date_gmt":"2011-09-14T03:05:22","guid":{"rendered":"http:\/\/www.sudoestehoje.com.br\/novoportal\/?p=8634"},"modified":"2011-09-14T08:58:32","modified_gmt":"2011-09-14T11:58:32","slug":"otto-defende-divisao-da-bahia","status":"publish","type":"post","link":"https:\/\/www.sudoestehoje.com.br\/novoportal\/2011\/09\/14\/otto-defende-divisao-da-bahia\/","title":{"rendered":"OTTO DEFENDE DIVIS\u00c3O DA BAHIA"},"content":{"rendered":"<p style=\"text-align: center;\"><img decoding=\"async\" class=\"aligncenter\" src=\"http:\/\/www.bahianoticias.com.br\/fotos\/principal_noticias\/102666\/IMAGEM_NOTICIA_3.jpg\" alt=\"Otto alfineta Aleluia e minimiza declara\u00e7\u00e3o sobre divis\u00e3o da Bahia\" width=\"400\" \/><\/p>\n<p>Mesmo sabendo da posi\u00e7\u00e3o contr\u00e1ria do govenador Jaques Wagner de dividir a Bahia, o govenador em exerc\u00edcio Otto Alencar expressou, ontem, suas convic\u00e7\u00f5es de que a cria\u00e7\u00e3o do Estado de S\u00e3o Francisco seria uma esp\u00e9cie de reden\u00e7\u00e3o para o oeste baiano. \u00c0s v\u00e9speras de cria\u00e7\u00e3o do novo partido, o PSD, que tem em Alencar sua principal lideran\u00e7a na Bahia, o govenador em exerc\u00edcio garantiu, entretanto, que a divis\u00e3o do Estado n\u00e3o ser\u00e1 a bandeira da nova sigla, mas uma posi\u00e7\u00e3o pessoal. \u201cEu defendo a cria\u00e7\u00e3o do novo Estado h\u00e1 muitos anos. J\u00e1 defendi em 2002, em Barreiras, na sucess\u00e3o de (ex-governador) Paulo Souto\u201d, disse, pouco antes de participar da solenidade de abertura do Congresso Estadual de Sa\u00fade, no Centro de Conven\u00e7\u00f5es. Leia mais em\u00a0<a href=\"http:\/\/www.atarde.com.br\/edicaodigital\/edicao_de_hoje.jsf#\/12\/zoomed\" target=\"_blank\">A Tarde<\/a> (para assinantes).<\/p>\n","protected":false},"excerpt":{"rendered":"<p>Mesmo sabendo da posi\u00e7\u00e3o contr\u00e1ria do govenador Jaques Wagner de dividir a Bahia, o govenador em exerc\u00edcio Otto Alencar expressou, ontem, suas convic\u00e7\u00f5es de que a cria\u00e7\u00e3o do Estado de S\u00e3o Francisco seria uma esp\u00e9cie de reden\u00e7\u00e3o para o oeste baiano. \u00c0s v\u00e9speras de cria\u00e7\u00e3o do novo partido, o PSD, que tem em Alencar sua [&hellip;]<\/p>\n","protected":false},"author":2,"featured_media":0,"comment_status":"open","ping_status":"open","sticky":false,"template":"","format":"standard","meta":{"footnotes":"","_links_to":"","_links_to_target":""},"categories":[1],"tags":[],"class_list":["post-8634","post","type-post","status-publish","format-standard","hentry","category-geral"],"views":1253,"_links":{"self":[{"href":"https:\/\/www.sudoestehoje.com.br\/novoportal\/wp-json\/wp\/v2\/posts\/8634","targetHints":{"allow":["GET"]}}],"collection":[{"href":"https:\/\/www.sudoestehoje.com.br\/novoportal\/wp-json\/wp\/v2\/posts"}],"about":[{"href":"https:\/\/www.sudoestehoje.com.br\/novoportal\/wp-json\/wp\/v2\/types\/post"}],"author":[{"embeddable":true,"href":"https:\/\/www.sudoestehoje.com.br\/novoportal\/wp-json\/wp\/v2\/users\/2"}],"replies":[{"embeddable":true,"href":"https:\/\/www.sudoestehoje.com.br\/novoportal\/wp-json\/wp\/v2\/comments?post=8634"}],"version-history":[{"count":4,"href":"https:\/\/www.sudoestehoje.com.br\/novoportal\/wp-json\/wp\/v2\/posts\/8634\/revisions"}],"predecessor-version":[{"id":8637,"href":"https:\/\/www.sudoestehoje.com.br\/novoportal\/wp-json\/wp\/v2\/posts\/8634\/revisions\/8637"}],"wp:attachment":[{"href":"https:\/\/www.sudoestehoje.com.br\/novoportal\/wp-json\/wp\/v2\/media?parent=8634"}],"wp:term":[{"taxonomy":"category","embeddable":true,"href":"https:\/\/www.sudoestehoje.com.br\/novoportal\/wp-json\/wp\/v2\/categories?post=8634"},{"taxonomy":"post_tag","embeddable":true,"href":"https:\/\/www.sudoestehoje.com.br\/novoportal\/wp-json\/wp\/v2\/tags?post=8634"}],"curies":[{"name":"wp","href":"https:\/\/api.w.org\/{rel}","templated":true}]}}