
{"id":86338,"date":"2020-04-24T16:41:20","date_gmt":"2020-04-24T19:41:20","guid":{"rendered":"https:\/\/www.sudoestehoje.com.br\/novoportal\/?p=86338"},"modified":"2020-04-24T16:45:37","modified_gmt":"2020-04-24T19:45:37","slug":"itapetinga-idoso-que-operou-no-hospital-costa-do-cacau-em-ilheus-morre-por-coronavirus-no-cristo-redentor","status":"publish","type":"post","link":"https:\/\/www.sudoestehoje.com.br\/novoportal\/2020\/04\/24\/itapetinga-idoso-que-operou-no-hospital-costa-do-cacau-em-ilheus-morre-por-coronavirus-no-cristo-redentor\/","title":{"rendered":"ITAPETINGA: IDOSO QUE OPEROU NO HOSPITAL COSTA DO CACAU EM ILH\u00c9US MORRE POR CORONAV\u00cdRUS NO CRISTO REDENTOR"},"content":{"rendered":"<div id=\"attachment_86342\" style=\"width: 510px\" class=\"wp-caption aligncenter\"><a href=\"https:\/\/www.sudoestehoje.com.br\/novoportal\/wp-content\/uploads\/2020\/04\/COSTA-DO-CACAU-scaled.jpg\"><img loading=\"lazy\" decoding=\"async\" aria-describedby=\"caption-attachment-86342\" class=\"size-medium wp-image-86342\" src=\"https:\/\/www.sudoestehoje.com.br\/novoportal\/wp-content\/uploads\/2020\/04\/COSTA-DO-CACAU-500x236.jpg\" alt=\"\" width=\"500\" height=\"236\" srcset=\"https:\/\/www.sudoestehoje.com.br\/novoportal\/wp-content\/uploads\/2020\/04\/COSTA-DO-CACAU-500x236.jpg 500w, https:\/\/www.sudoestehoje.com.br\/novoportal\/wp-content\/uploads\/2020\/04\/COSTA-DO-CACAU-700x330.jpg 700w, https:\/\/www.sudoestehoje.com.br\/novoportal\/wp-content\/uploads\/2020\/04\/COSTA-DO-CACAU-768x362.jpg 768w, https:\/\/www.sudoestehoje.com.br\/novoportal\/wp-content\/uploads\/2020\/04\/COSTA-DO-CACAU-1536x724.jpg 1536w, https:\/\/www.sudoestehoje.com.br\/novoportal\/wp-content\/uploads\/2020\/04\/COSTA-DO-CACAU-2048x965.jpg 2048w\" sizes=\"auto, (max-width: 500px) 100vw, 500px\" \/><\/a><p id=\"caption-attachment-86342\" class=\"wp-caption-text\"><em><strong>HOSPITAL COSTA DO CACAU, EM ILH\u00c9US, VIROU FOCO DO NOVO CORONAV\u00cdRUS E AMEA\u00c7A TODA A REGI\u00c3O<\/strong><\/em><\/p><\/div>\n<p>Na tarde desta sexta-feira (24), atrav\u00e9s de uma entrevista coletiva \u00e0 imprensa, o prefeito Rodrigo Hagge e o secret\u00e1rio de sa\u00fade Hugo Sousa anunciaram a segunda morte por Coronav\u00edrus em Itapetinga.<\/p>\n<p>Trata-se de um homem de 74 anos que havia realizado uma cirurgia em decorr\u00eancia de uma fratura de f\u00eamur no Hospital Costa do Cacau, em Ilh\u00e9us, que ao retornar a Itapetinga sentiu alguns sintomas do Covid-19 e foi internado no Hospital Cristo Redentor, vindo a falecer na \u00faltima quarta-feira (22), no setor de isolamento do HCR.<\/p>\n<p>Ap\u00f3s o \u00f3bito, o material para teste foi colhido pela Secretaria Municipal de Sa\u00fade e enviado ao LACEM, em Salvador, testando positivo para o novo Coronav\u00edrus, nesta sexta-feira (24).<\/p>\n<p>At\u00e9 o momento, Itapetinga contabiliza 5 casos confirmados de Coronav\u00edrus, com 2 \u00f3bitos.<\/p>\n<p>AGUARDEM MAIS INFORMA\u00c7\u00d5ES.<\/p>\n<p><em><strong>Por Davi Ferraz<\/strong><\/em><\/p>\n","protected":false},"excerpt":{"rendered":"<p>Na tarde desta sexta-feira (24), atrav\u00e9s de uma entrevista coletiva \u00e0 imprensa, o prefeito Rodrigo Hagge e o secret\u00e1rio de sa\u00fade Hugo Sousa anunciaram a segunda morte por Coronav\u00edrus em Itapetinga. Trata-se de um homem de 74 anos que havia realizado uma cirurgia em decorr\u00eancia de uma fratura de f\u00eamur no Hospital Costa do Cacau, [&hellip;]<\/p>\n","protected":false},"author":2,"featured_media":86342,"comment_status":"open","ping_status":"open","sticky":false,"template":"","format":"standard","meta":{"footnotes":"","_links_to":"","_links_to_target":""},"categories":[1],"tags":[],"class_list":["post-86338","post","type-post","status-publish","format-standard","has-post-thumbnail","hentry","category-geral"],"views":1757,"_links":{"self":[{"href":"https:\/\/www.sudoestehoje.com.br\/novoportal\/wp-json\/wp\/v2\/posts\/86338","targetHints":{"allow":["GET"]}}],"collection":[{"href":"https:\/\/www.sudoestehoje.com.br\/novoportal\/wp-json\/wp\/v2\/posts"}],"about":[{"href":"https:\/\/www.sudoestehoje.com.br\/novoportal\/wp-json\/wp\/v2\/types\/post"}],"author":[{"embeddable":true,"href":"https:\/\/www.sudoestehoje.com.br\/novoportal\/wp-json\/wp\/v2\/users\/2"}],"replies":[{"embeddable":true,"href":"https:\/\/www.sudoestehoje.com.br\/novoportal\/wp-json\/wp\/v2\/comments?post=86338"}],"version-history":[{"count":5,"href":"https:\/\/www.sudoestehoje.com.br\/novoportal\/wp-json\/wp\/v2\/posts\/86338\/revisions"}],"predecessor-version":[{"id":86344,"href":"https:\/\/www.sudoestehoje.com.br\/novoportal\/wp-json\/wp\/v2\/posts\/86338\/revisions\/86344"}],"wp:featuredmedia":[{"embeddable":true,"href":"https:\/\/www.sudoestehoje.com.br\/novoportal\/wp-json\/wp\/v2\/media\/86342"}],"wp:attachment":[{"href":"https:\/\/www.sudoestehoje.com.br\/novoportal\/wp-json\/wp\/v2\/media?parent=86338"}],"wp:term":[{"taxonomy":"category","embeddable":true,"href":"https:\/\/www.sudoestehoje.com.br\/novoportal\/wp-json\/wp\/v2\/categories?post=86338"},{"taxonomy":"post_tag","embeddable":true,"href":"https:\/\/www.sudoestehoje.com.br\/novoportal\/wp-json\/wp\/v2\/tags?post=86338"}],"curies":[{"name":"wp","href":"https:\/\/api.w.org\/{rel}","templated":true}]}}