
{"id":86330,"date":"2020-04-24T12:23:05","date_gmt":"2020-04-24T15:23:05","guid":{"rendered":"https:\/\/www.sudoestehoje.com.br\/novoportal\/?p=86330"},"modified":"2020-04-24T12:23:05","modified_gmt":"2020-04-24T15:23:05","slug":"moro-confirma-saida-do-governo-bolsonaro-em-entrevista-coletiva","status":"publish","type":"post","link":"https:\/\/www.sudoestehoje.com.br\/novoportal\/2020\/04\/24\/moro-confirma-saida-do-governo-bolsonaro-em-entrevista-coletiva\/","title":{"rendered":"MORO CONFIRMA SA\u00cdDA DO GOVERNO BOLSONARO EM ENTREVISTA COLETIVA"},"content":{"rendered":"<p><a href=\"https:\/\/www.sudoestehoje.com.br\/novoportal\/wp-content\/uploads\/2020\/04\/MORO-SAIU.jpg\"><img loading=\"lazy\" decoding=\"async\" class=\"aligncenter size-medium wp-image-86331\" src=\"https:\/\/www.sudoestehoje.com.br\/novoportal\/wp-content\/uploads\/2020\/04\/MORO-SAIU-500x334.jpg\" alt=\"\" width=\"500\" height=\"334\" srcset=\"https:\/\/www.sudoestehoje.com.br\/novoportal\/wp-content\/uploads\/2020\/04\/MORO-SAIU-500x334.jpg 500w, https:\/\/www.sudoestehoje.com.br\/novoportal\/wp-content\/uploads\/2020\/04\/MORO-SAIU-700x467.jpg 700w, https:\/\/www.sudoestehoje.com.br\/novoportal\/wp-content\/uploads\/2020\/04\/MORO-SAIU-768x512.jpg 768w, https:\/\/www.sudoestehoje.com.br\/novoportal\/wp-content\/uploads\/2020\/04\/MORO-SAIU.jpg 910w\" sizes=\"auto, (max-width: 500px) 100vw, 500px\" \/><\/a><\/p>\n<p>O ministro\u00a0<a href=\"https:\/\/catracalivre.com.br\/cidadania\/em-nota-sergio-moro-se-esquiva-de-acusacoes-divulgadas-pela-veja\/\" target=\"_blank\" rel=\"noopener noreferrer\" data-gtm-event-category=\"catracalivre:conteudo\" data-gtm-event-action=\"clique:link:sergio-moro\" data-gtm-event-label=\"https:\/\/catracalivre.com.br\/cidadania\/em-nota-sergio-moro-se-esquiva-de-acusacoes-divulgadas-pela-veja\/\">Sergio Moro<\/a>\u00a0(Justi\u00e7a e Seguran\u00e7a P\u00fablica) pediu demiss\u00e3o do cargo nesta sexta-feira, 24. O estopim da sa\u00edda do ex-juiz do\u00a0<a href=\"https:\/\/catracalivre.com.br\/cidadania\/sergio-moro-ja-e-visto-como-ingrato-por-bolsonaro\/\" target=\"_blank\" rel=\"noopener noreferrer\" data-gtm-event-category=\"catracalivre:conteudo\" data-gtm-event-action=\"clique:link:governo-bolsonaro\" data-gtm-event-label=\"https:\/\/catracalivre.com.br\/cidadania\/sergio-moro-ja-e-visto-como-ingrato-por-bolsonaro\/\">governo Bolsonaro<\/a>\u00a0foi a exonera\u00e7\u00e3o de Maur\u00edcio Leite Valeixo do cargo de diretor-geral da PF (Pol\u00edcia Federal), seu bra\u00e7o direito.<\/p>\n<p>No discurso de sa\u00edda, Moro disparou contra o presidente pela interfer\u00eancia na Pol\u00edcia Federal e disse que, quando foi convidado por Bolsonaro para assumir o cargo, foi \u201cprometido carta branca para nomear todos os assessores, inclusive da PF.<\/p>\n<p>Sobre a exonera\u00e7\u00e3o de Valeixo, Moro disse que \u201cn\u00e3o tinha causa para a substitui\u00e7\u00e3o\u201d e\u00a0 que \u201cestava claro que o que estava acontecendo era indica\u00e7\u00e3o politica\u201d.<\/p>\n<p>O ex-ministro afirmou que ficou sabendo hoje cedo da exonera\u00e7\u00e3o de seu bra\u00e7o direito e que Secom mentiu que ela tenha ocorrido a pedido de Valeixo. \u201cEu n\u00e3o assinei. Est\u00e1 claro que o presidente realmente me quer fora do cargo\u201d, disse Moro sobre seu pedido de demiss\u00e3o.<\/p>\n","protected":false},"excerpt":{"rendered":"<p>O ministro\u00a0Sergio Moro\u00a0(Justi\u00e7a e Seguran\u00e7a P\u00fablica) pediu demiss\u00e3o do cargo nesta sexta-feira, 24. O estopim da sa\u00edda do ex-juiz do\u00a0governo Bolsonaro\u00a0foi a exonera\u00e7\u00e3o de Maur\u00edcio Leite Valeixo do cargo de diretor-geral da PF (Pol\u00edcia Federal), seu bra\u00e7o direito. No discurso de sa\u00edda, Moro disparou contra o presidente pela interfer\u00eancia na Pol\u00edcia Federal e disse que, [&hellip;]<\/p>\n","protected":false},"author":2,"featured_media":86331,"comment_status":"open","ping_status":"open","sticky":false,"template":"","format":"standard","meta":{"footnotes":"","_links_to":"","_links_to_target":""},"categories":[1],"tags":[],"class_list":["post-86330","post","type-post","status-publish","format-standard","has-post-thumbnail","hentry","category-geral"],"views":1380,"_links":{"self":[{"href":"https:\/\/www.sudoestehoje.com.br\/novoportal\/wp-json\/wp\/v2\/posts\/86330","targetHints":{"allow":["GET"]}}],"collection":[{"href":"https:\/\/www.sudoestehoje.com.br\/novoportal\/wp-json\/wp\/v2\/posts"}],"about":[{"href":"https:\/\/www.sudoestehoje.com.br\/novoportal\/wp-json\/wp\/v2\/types\/post"}],"author":[{"embeddable":true,"href":"https:\/\/www.sudoestehoje.com.br\/novoportal\/wp-json\/wp\/v2\/users\/2"}],"replies":[{"embeddable":true,"href":"https:\/\/www.sudoestehoje.com.br\/novoportal\/wp-json\/wp\/v2\/comments?post=86330"}],"version-history":[{"count":1,"href":"https:\/\/www.sudoestehoje.com.br\/novoportal\/wp-json\/wp\/v2\/posts\/86330\/revisions"}],"predecessor-version":[{"id":86332,"href":"https:\/\/www.sudoestehoje.com.br\/novoportal\/wp-json\/wp\/v2\/posts\/86330\/revisions\/86332"}],"wp:featuredmedia":[{"embeddable":true,"href":"https:\/\/www.sudoestehoje.com.br\/novoportal\/wp-json\/wp\/v2\/media\/86331"}],"wp:attachment":[{"href":"https:\/\/www.sudoestehoje.com.br\/novoportal\/wp-json\/wp\/v2\/media?parent=86330"}],"wp:term":[{"taxonomy":"category","embeddable":true,"href":"https:\/\/www.sudoestehoje.com.br\/novoportal\/wp-json\/wp\/v2\/categories?post=86330"},{"taxonomy":"post_tag","embeddable":true,"href":"https:\/\/www.sudoestehoje.com.br\/novoportal\/wp-json\/wp\/v2\/tags?post=86330"}],"curies":[{"name":"wp","href":"https:\/\/api.w.org\/{rel}","templated":true}]}}