
{"id":86322,"date":"2020-04-23T19:03:28","date_gmt":"2020-04-23T22:03:28","guid":{"rendered":"https:\/\/www.sudoestehoje.com.br\/novoportal\/?p=86322"},"modified":"2020-04-23T19:03:28","modified_gmt":"2020-04-23T22:03:28","slug":"ilheus-salta-para-127-casos-do-novo-coronavirus-itabuna-agora-tem-99","status":"publish","type":"post","link":"https:\/\/www.sudoestehoje.com.br\/novoportal\/2020\/04\/23\/ilheus-salta-para-127-casos-do-novo-coronavirus-itabuna-agora-tem-99\/","title":{"rendered":"ILH\u00c9US SALTA PARA 127 CASOS DO NOVO CORONAV\u00cdRUS; ITABUNA AGORA TEM 99"},"content":{"rendered":"<p><a href=\"https:\/\/www.sudoestehoje.com.br\/novoportal\/wp-content\/uploads\/2020\/04\/ILHEUS-ITABUNA.jpg\"><img loading=\"lazy\" decoding=\"async\" class=\"aligncenter size-medium wp-image-86323\" src=\"https:\/\/www.sudoestehoje.com.br\/novoportal\/wp-content\/uploads\/2020\/04\/ILHEUS-ITABUNA-500x375.jpg\" alt=\"\" width=\"500\" height=\"375\" srcset=\"https:\/\/www.sudoestehoje.com.br\/novoportal\/wp-content\/uploads\/2020\/04\/ILHEUS-ITABUNA-500x375.jpg 500w, https:\/\/www.sudoestehoje.com.br\/novoportal\/wp-content\/uploads\/2020\/04\/ILHEUS-ITABUNA.jpg 640w\" sizes=\"auto, (max-width: 500px) 100vw, 500px\" \/><\/a><\/p>\n<p>Cresce de forma exponencial o novo coronav\u00edrus (Covid-19) nos dois maiores munic\u00edpios do sul da Bahia. De acordo com a Secretaria Estadual de Sa\u00fade (Sesab), saltou de 95 para 127 o n\u00famero de pacientes infectados pela doen\u00e7a em Ilh\u00e9us, com 4 \u00f3bitos.<\/p>\n<p>J\u00e1 em Itabuna, passou de 82 para 99 o n\u00famero de casos confirmados e 3 mortes provocadas pela doen\u00e7a. Vizinha a Ilh\u00e9us e a Itabuna, Uru\u00e7uca, de pouco mais de 20 mil habitantes, agora tem total de 20 casos confirmados e 3 \u00f3bitos confirmados. O \u00faltimo deles foi um homem de 35 anos, cardiopata, que faleceu na \u00faltima segunda (20) e teve confirma\u00e7\u00e3o da causa da morte hoje.<br \/>\n<strong><br \/>\nNA BAHIA, 1.845 CASOS CONFIRMADOS<\/strong><\/p>\n<p>No final desta tarde, a Sesab divulgou boletim que traz um total de 200 novos casos da doen\u00e7a no estado nas \u00faltimas 24 horas. O sul da Bahia \u00e9 a regi\u00e3o que mais preocupa as autoridades em sa\u00fade no Estado devido a velocidade com que o v\u00edrus avan\u00e7a, principalmente entre profissionais da sa\u00fade.<\/p>\n<p>O total de casos na Bahia, segundo a Sesab, chega a 1.845, exatamente 200 a mais que o registrado ontem (22). Deste total, 428 est\u00e3o recuperados (receberam alta do isolamento ou da interna\u00e7\u00e3o). Total de 417 pacientes encontram-se internados.<\/p>\n<p>O total de \u00f3bitos confirmados e tendo a Covid-19 como causa chegou a 9, num total de 62 no estado. Neste total, ainda n\u00e3o entrou a morte ocorrida em Itabuna. <strong><em>\/\/Pimenta<\/em><\/strong><\/p>\n","protected":false},"excerpt":{"rendered":"<p>Cresce de forma exponencial o novo coronav\u00edrus (Covid-19) nos dois maiores munic\u00edpios do sul da Bahia. De acordo com a Secretaria Estadual de Sa\u00fade (Sesab), saltou de 95 para 127 o n\u00famero de pacientes infectados pela doen\u00e7a em Ilh\u00e9us, com 4 \u00f3bitos. J\u00e1 em Itabuna, passou de 82 para 99 o n\u00famero de casos confirmados [&hellip;]<\/p>\n","protected":false},"author":2,"featured_media":86323,"comment_status":"open","ping_status":"open","sticky":false,"template":"","format":"standard","meta":{"footnotes":"","_links_to":"","_links_to_target":""},"categories":[1],"tags":[],"class_list":["post-86322","post","type-post","status-publish","format-standard","has-post-thumbnail","hentry","category-geral"],"views":1533,"_links":{"self":[{"href":"https:\/\/www.sudoestehoje.com.br\/novoportal\/wp-json\/wp\/v2\/posts\/86322","targetHints":{"allow":["GET"]}}],"collection":[{"href":"https:\/\/www.sudoestehoje.com.br\/novoportal\/wp-json\/wp\/v2\/posts"}],"about":[{"href":"https:\/\/www.sudoestehoje.com.br\/novoportal\/wp-json\/wp\/v2\/types\/post"}],"author":[{"embeddable":true,"href":"https:\/\/www.sudoestehoje.com.br\/novoportal\/wp-json\/wp\/v2\/users\/2"}],"replies":[{"embeddable":true,"href":"https:\/\/www.sudoestehoje.com.br\/novoportal\/wp-json\/wp\/v2\/comments?post=86322"}],"version-history":[{"count":1,"href":"https:\/\/www.sudoestehoje.com.br\/novoportal\/wp-json\/wp\/v2\/posts\/86322\/revisions"}],"predecessor-version":[{"id":86324,"href":"https:\/\/www.sudoestehoje.com.br\/novoportal\/wp-json\/wp\/v2\/posts\/86322\/revisions\/86324"}],"wp:featuredmedia":[{"embeddable":true,"href":"https:\/\/www.sudoestehoje.com.br\/novoportal\/wp-json\/wp\/v2\/media\/86323"}],"wp:attachment":[{"href":"https:\/\/www.sudoestehoje.com.br\/novoportal\/wp-json\/wp\/v2\/media?parent=86322"}],"wp:term":[{"taxonomy":"category","embeddable":true,"href":"https:\/\/www.sudoestehoje.com.br\/novoportal\/wp-json\/wp\/v2\/categories?post=86322"},{"taxonomy":"post_tag","embeddable":true,"href":"https:\/\/www.sudoestehoje.com.br\/novoportal\/wp-json\/wp\/v2\/tags?post=86322"}],"curies":[{"name":"wp","href":"https:\/\/api.w.org\/{rel}","templated":true}]}}