
{"id":86313,"date":"2020-04-23T15:00:07","date_gmt":"2020-04-23T18:00:07","guid":{"rendered":"https:\/\/www.sudoestehoje.com.br\/novoportal\/?p=86313"},"modified":"2020-04-23T15:09:21","modified_gmt":"2020-04-23T18:09:21","slug":"urgente-sergio-moro-pede-demissao-do-cargo-de-ministro-da-justica","status":"publish","type":"post","link":"https:\/\/www.sudoestehoje.com.br\/novoportal\/2020\/04\/23\/urgente-sergio-moro-pede-demissao-do-cargo-de-ministro-da-justica\/","title":{"rendered":"URGENTE! SERGIO MORO PEDE DEMISS\u00c3O DO CARGO DE MINISTRO DA JUSTI\u00c7A, DIZ FOLHA"},"content":{"rendered":"<p><a href=\"https:\/\/www.sudoestehoje.com.br\/novoportal\/wp-content\/uploads\/2020\/04\/MORO.jpg\"><img loading=\"lazy\" decoding=\"async\" class=\"aligncenter size-medium wp-image-86314\" src=\"https:\/\/www.sudoestehoje.com.br\/novoportal\/wp-content\/uploads\/2020\/04\/MORO-500x235.jpg\" alt=\"\" width=\"500\" height=\"235\" srcset=\"https:\/\/www.sudoestehoje.com.br\/novoportal\/wp-content\/uploads\/2020\/04\/MORO-500x235.jpg 500w, https:\/\/www.sudoestehoje.com.br\/novoportal\/wp-content\/uploads\/2020\/04\/MORO-700x329.jpg 700w, https:\/\/www.sudoestehoje.com.br\/novoportal\/wp-content\/uploads\/2020\/04\/MORO-768x361.jpg 768w, https:\/\/www.sudoestehoje.com.br\/novoportal\/wp-content\/uploads\/2020\/04\/MORO-1536x722.jpg 1536w, https:\/\/www.sudoestehoje.com.br\/novoportal\/wp-content\/uploads\/2020\/04\/MORO.jpg 1600w\" sizes=\"auto, (max-width: 500px) 100vw, 500px\" \/><\/a><\/p>\n<p>O ministro da Justi\u00e7a, S\u00e9rgio Moro, pediu demiss\u00e3o do governo de Jair Bolsonaro ap\u00f3s o presidente anunciar a iniciativa de trocar a diretoria-geral da Pol\u00edcia Federal, hoje ocupada por Maur\u00edcio Valeixo.<\/p>\n<p>A informa\u00e7\u00e3o foi divulgada pelo jornal<em><strong> Folha de S. Paulo.<\/strong><\/em><\/p>\n<p>Ap\u00f3s a iniciativa do ex-juiz de deixar o minist\u00e9rio, <strong>Bolsonaro tenta reverter a decis\u00e3o<\/strong>. O motivo \u00e9 o cargo de Valeixo, que \u00e9 considerado homem de confian\u00e7a do ex-juiz da Lava Jato.<\/p>\n<p>Desde o ano passado, Bolsonaro tem amea\u00e7ado trocar o comando da PF. O presidente quer ter controle sobre a atua\u00e7\u00e3o da pol\u00edcia.<\/p>\n","protected":false},"excerpt":{"rendered":"<p>O ministro da Justi\u00e7a, S\u00e9rgio Moro, pediu demiss\u00e3o do governo de Jair Bolsonaro ap\u00f3s o presidente anunciar a iniciativa de trocar a diretoria-geral da Pol\u00edcia Federal, hoje ocupada por Maur\u00edcio Valeixo. A informa\u00e7\u00e3o foi divulgada pelo jornal Folha de S. Paulo. Ap\u00f3s a iniciativa do ex-juiz de deixar o minist\u00e9rio, Bolsonaro tenta reverter a decis\u00e3o. [&hellip;]<\/p>\n","protected":false},"author":2,"featured_media":86314,"comment_status":"open","ping_status":"open","sticky":false,"template":"","format":"standard","meta":{"footnotes":"","_links_to":"","_links_to_target":""},"categories":[1],"tags":[],"class_list":["post-86313","post","type-post","status-publish","format-standard","has-post-thumbnail","hentry","category-geral"],"views":1749,"_links":{"self":[{"href":"https:\/\/www.sudoestehoje.com.br\/novoportal\/wp-json\/wp\/v2\/posts\/86313","targetHints":{"allow":["GET"]}}],"collection":[{"href":"https:\/\/www.sudoestehoje.com.br\/novoportal\/wp-json\/wp\/v2\/posts"}],"about":[{"href":"https:\/\/www.sudoestehoje.com.br\/novoportal\/wp-json\/wp\/v2\/types\/post"}],"author":[{"embeddable":true,"href":"https:\/\/www.sudoestehoje.com.br\/novoportal\/wp-json\/wp\/v2\/users\/2"}],"replies":[{"embeddable":true,"href":"https:\/\/www.sudoestehoje.com.br\/novoportal\/wp-json\/wp\/v2\/comments?post=86313"}],"version-history":[{"count":4,"href":"https:\/\/www.sudoestehoje.com.br\/novoportal\/wp-json\/wp\/v2\/posts\/86313\/revisions"}],"predecessor-version":[{"id":86318,"href":"https:\/\/www.sudoestehoje.com.br\/novoportal\/wp-json\/wp\/v2\/posts\/86313\/revisions\/86318"}],"wp:featuredmedia":[{"embeddable":true,"href":"https:\/\/www.sudoestehoje.com.br\/novoportal\/wp-json\/wp\/v2\/media\/86314"}],"wp:attachment":[{"href":"https:\/\/www.sudoestehoje.com.br\/novoportal\/wp-json\/wp\/v2\/media?parent=86313"}],"wp:term":[{"taxonomy":"category","embeddable":true,"href":"https:\/\/www.sudoestehoje.com.br\/novoportal\/wp-json\/wp\/v2\/categories?post=86313"},{"taxonomy":"post_tag","embeddable":true,"href":"https:\/\/www.sudoestehoje.com.br\/novoportal\/wp-json\/wp\/v2\/tags?post=86313"}],"curies":[{"name":"wp","href":"https:\/\/api.w.org\/{rel}","templated":true}]}}