
{"id":86310,"date":"2020-04-23T14:32:41","date_gmt":"2020-04-23T17:32:41","guid":{"rendered":"https:\/\/www.sudoestehoje.com.br\/novoportal\/?p=86310"},"modified":"2020-04-23T14:32:41","modified_gmt":"2020-04-23T17:32:41","slug":"itapetinga-camara-aprova-mocao-de-aplauso-a-teiu-por-contribuir-com-o-combate-ao-coronavirus-no-municipio","status":"publish","type":"post","link":"https:\/\/www.sudoestehoje.com.br\/novoportal\/2020\/04\/23\/itapetinga-camara-aprova-mocao-de-aplauso-a-teiu-por-contribuir-com-o-combate-ao-coronavirus-no-municipio\/","title":{"rendered":"ITAPETINGA: C\u00c2MARA APROVA MO\u00c7\u00c3O DE APLAUSO \u00c0 TEI\u00da POR CONTRIBUIR COM O COMBATE AO CORONAV\u00cdRUS NO MUNIC\u00cdPIO"},"content":{"rendered":"<p><a href=\"https:\/\/www.sudoestehoje.com.br\/novoportal\/wp-content\/uploads\/2020\/04\/naara-sess\u00e3o-remota.jpeg\"><img loading=\"lazy\" decoding=\"async\" class=\"aligncenter size-medium wp-image-86311\" src=\"https:\/\/www.sudoestehoje.com.br\/novoportal\/wp-content\/uploads\/2020\/04\/naara-sess\u00e3o-remota-500x281.jpeg\" alt=\"\" width=\"500\" height=\"281\" srcset=\"https:\/\/www.sudoestehoje.com.br\/novoportal\/wp-content\/uploads\/2020\/04\/naara-sess\u00e3o-remota-500x281.jpeg 500w, https:\/\/www.sudoestehoje.com.br\/novoportal\/wp-content\/uploads\/2020\/04\/naara-sess\u00e3o-remota-700x394.jpeg 700w, https:\/\/www.sudoestehoje.com.br\/novoportal\/wp-content\/uploads\/2020\/04\/naara-sess\u00e3o-remota-768x432.jpeg 768w, https:\/\/www.sudoestehoje.com.br\/novoportal\/wp-content\/uploads\/2020\/04\/naara-sess\u00e3o-remota.jpeg 1032w\" sizes=\"auto, (max-width: 500px) 100vw, 500px\" \/><\/a><\/p>\n<p>Na sess\u00e3o virtual de quarta-feira (22), a C\u00e2mara Municipal de Itapetinga aprovou, por unanimidade, uma mo\u00e7\u00e3o de aplauso apresentada pela Mesa Diretora que presta homenagem \u00e0 empresa Tei\u00fa em raz\u00e3o da parceria firmada com o munic\u00edpio para higieniza\u00e7\u00e3o de pontos estrat\u00e9gicos no combate ao coronav\u00edrus.<\/p>\n<p>O texto da mo\u00e7\u00e3o destaca a a\u00e7\u00e3o de solidariedade realizada neste contexto de pandemia pela ind\u00fastria do segmento de material de limpeza e higiene pessoal, fundada no ano de 1957 em Vit\u00f3ria da Conquista, onde hoje sua unidade fabril ocupa uma \u00e1rea de mais de 30 mil metros quadrados no Distrito Industrial dos Imbor\u00e9s.<\/p>\n<p>De acordo com informa\u00e7\u00f5es da Tei\u00fa, a a\u00e7\u00e3o feita em Vit\u00f3ria da Conquista e reproduzida em Itapetinga possibilitou a higieniza\u00e7\u00e3o rigorosa em \u00e1reas de grande circula\u00e7\u00e3o de pessoas como feiras livres e espa\u00e7os p\u00fablicos, com o objetivo de evitar a prolifera\u00e7\u00e3o do novo coronav\u00edrus e permitir que as feiras continuassem abertas, garantindo o abastecimento da popula\u00e7\u00e3o. Para isso, a Tei\u00fa forneceu todo o l\u00edquido de higieniza\u00e7\u00e3o, assim como equipamentos de aplica\u00e7\u00e3o e prote\u00e7\u00e3o individual que foram utilizados pelos colaboradores da Prefeitura, respons\u00e1veis pela execu\u00e7\u00e3o da a\u00e7\u00e3o.<\/p>\n<p>Segundo informa\u00e7\u00f5es da Prefeitura Municipal de Itapetinga, por meio da parceria com a Tei\u00fa, foram\u00a0lavadas com hipoclorito de s\u00f3dio as \u00e1reas mais movimentadas do munic\u00edpio. Foram higienizadas completamente as cal\u00e7adas do centro comercial, postos de sa\u00fade, pontos de \u00f4nibus, UPA, Av. Gerson de Oliveira e Hospital Cristo Redentor, al\u00e9m das \u00e1reas de feira livre da Central I e II e do bairro Primavera. O distrito de Bandeira do Col\u00f4nia tamb\u00e9m recebeu as a\u00e7\u00f5es de combate \u00e0 Covid-19.<\/p>\n<p>A mo\u00e7\u00e3o de aplauso, que \u00e9 uma express\u00e3o do sentimento de toda a Casa Legislativa, valoriza os esfor\u00e7os da Tei\u00fa para ajudar o munic\u00edpio de Itapetinga no enfrentamento ao coronav\u00edrus, contribuindo para a sa\u00fade da popula\u00e7\u00e3o nesse per\u00edodo de calamidade p\u00fablica.\u00a0<em>\u201cA\u00e7\u00f5es como essa da Empresa Tei\u00fa Ind\u00fastria e Com\u00e9rcio LTDA s\u00e3o louv\u00e1veis e dignas de aplausos e reconhecimento por toda comunidade itapetinguense\u201d<\/em>, ressalta o texto aprovado.<\/p>\n","protected":false},"excerpt":{"rendered":"<p>Na sess\u00e3o virtual de quarta-feira (22), a C\u00e2mara Municipal de Itapetinga aprovou, por unanimidade, uma mo\u00e7\u00e3o de aplauso apresentada pela Mesa Diretora que presta homenagem \u00e0 empresa Tei\u00fa em raz\u00e3o da parceria firmada com o munic\u00edpio para higieniza\u00e7\u00e3o de pontos estrat\u00e9gicos no combate ao coronav\u00edrus. O texto da mo\u00e7\u00e3o destaca a a\u00e7\u00e3o de solidariedade realizada [&hellip;]<\/p>\n","protected":false},"author":2,"featured_media":86311,"comment_status":"open","ping_status":"open","sticky":false,"template":"","format":"standard","meta":{"footnotes":"","_links_to":"","_links_to_target":""},"categories":[1],"tags":[],"class_list":["post-86310","post","type-post","status-publish","format-standard","has-post-thumbnail","hentry","category-geral"],"views":929,"_links":{"self":[{"href":"https:\/\/www.sudoestehoje.com.br\/novoportal\/wp-json\/wp\/v2\/posts\/86310","targetHints":{"allow":["GET"]}}],"collection":[{"href":"https:\/\/www.sudoestehoje.com.br\/novoportal\/wp-json\/wp\/v2\/posts"}],"about":[{"href":"https:\/\/www.sudoestehoje.com.br\/novoportal\/wp-json\/wp\/v2\/types\/post"}],"author":[{"embeddable":true,"href":"https:\/\/www.sudoestehoje.com.br\/novoportal\/wp-json\/wp\/v2\/users\/2"}],"replies":[{"embeddable":true,"href":"https:\/\/www.sudoestehoje.com.br\/novoportal\/wp-json\/wp\/v2\/comments?post=86310"}],"version-history":[{"count":1,"href":"https:\/\/www.sudoestehoje.com.br\/novoportal\/wp-json\/wp\/v2\/posts\/86310\/revisions"}],"predecessor-version":[{"id":86312,"href":"https:\/\/www.sudoestehoje.com.br\/novoportal\/wp-json\/wp\/v2\/posts\/86310\/revisions\/86312"}],"wp:featuredmedia":[{"embeddable":true,"href":"https:\/\/www.sudoestehoje.com.br\/novoportal\/wp-json\/wp\/v2\/media\/86311"}],"wp:attachment":[{"href":"https:\/\/www.sudoestehoje.com.br\/novoportal\/wp-json\/wp\/v2\/media?parent=86310"}],"wp:term":[{"taxonomy":"category","embeddable":true,"href":"https:\/\/www.sudoestehoje.com.br\/novoportal\/wp-json\/wp\/v2\/categories?post=86310"},{"taxonomy":"post_tag","embeddable":true,"href":"https:\/\/www.sudoestehoje.com.br\/novoportal\/wp-json\/wp\/v2\/tags?post=86310"}],"curies":[{"name":"wp","href":"https:\/\/api.w.org\/{rel}","templated":true}]}}