
{"id":86305,"date":"2020-04-23T12:27:38","date_gmt":"2020-04-23T15:27:38","guid":{"rendered":"https:\/\/www.sudoestehoje.com.br\/novoportal\/?p=86305"},"modified":"2020-04-23T13:14:16","modified_gmt":"2020-04-23T16:14:16","slug":"em-itapetinga-prefeitos-se-reunem-para-definir-acoes-de-combate-ao-covid-19","status":"publish","type":"post","link":"https:\/\/www.sudoestehoje.com.br\/novoportal\/2020\/04\/23\/em-itapetinga-prefeitos-se-reunem-para-definir-acoes-de-combate-ao-covid-19\/","title":{"rendered":"EM ITAPETINGA, PREFEITOS SE RE\u00daNEM PARA DEFINIR A\u00c7\u00d5ES DE COMBATE AO COVID-19"},"content":{"rendered":"<div><a href=\"https:\/\/www.sudoestehoje.com.br\/novoportal\/wp-content\/uploads\/2020\/04\/PREFEITO-REUNI\u00c3O.jpeg\"><img loading=\"lazy\" decoding=\"async\" class=\"aligncenter size-medium wp-image-86307\" src=\"https:\/\/www.sudoestehoje.com.br\/novoportal\/wp-content\/uploads\/2020\/04\/PREFEITO-REUNI\u00c3O-500x286.jpeg\" alt=\"\" width=\"500\" height=\"286\" srcset=\"https:\/\/www.sudoestehoje.com.br\/novoportal\/wp-content\/uploads\/2020\/04\/PREFEITO-REUNI\u00c3O-500x286.jpeg 500w, https:\/\/www.sudoestehoje.com.br\/novoportal\/wp-content\/uploads\/2020\/04\/PREFEITO-REUNI\u00c3O-700x400.jpeg 700w, https:\/\/www.sudoestehoje.com.br\/novoportal\/wp-content\/uploads\/2020\/04\/PREFEITO-REUNI\u00c3O-768x439.jpeg 768w, https:\/\/www.sudoestehoje.com.br\/novoportal\/wp-content\/uploads\/2020\/04\/PREFEITO-REUNI\u00c3O.jpeg 807w\" sizes=\"auto, (max-width: 500px) 100vw, 500px\" \/><\/a><\/div>\n<div class=\"entry-headline h5\">Na manh\u00e3 desta quarta-feira, 22, prefeitos do Cons\u00f3rcio do M\u00e9dio Sudoeste se reuniram em Itapetinga para definir a\u00e7\u00f5es coordenadas de combate \u00e0 Covid-19. Em pauta no debate estiveram temas como: transporte intermunicipal e estadual, educa\u00e7\u00e3o, ordenamento do com\u00e9rcio, festas, entre outros. O grupo promoveu ainda troca de experi\u00eancias relacionadas \u00e0s a\u00e7\u00f5es de conten\u00e7\u00e3o da doen\u00e7a.<\/div>\n<p>Itapetinga foi uma das cidades que serviram de exemplo em rela\u00e7\u00e3o \u00e0s medidas de conten\u00e7\u00e3o do cont\u00e1gio. Para o presidente do Cons\u00f3rcio, Rony Moitinho, prefeito de Igua\u00ed, Itapetinga tem se destacado com suas a\u00e7\u00f5es educativas. \u201cAndei em v\u00e1rios pontos da cidade, vi a popula\u00e7\u00e3o com m\u00e1scaras, o com\u00e9rcio organizado. Ent\u00e3o acredito que o trabalho educativo que o munic\u00edpio de Itapetinga, representado pelo nosso amigo prefeito Rodrigo Hagge, tem sido muito bem feito\u201d, afirmou Rony.<\/p>\n<p>Ao final da reuni\u00e3o, ficou acertado que os munic\u00edpios que comp\u00f5em o cons\u00f3rcio ir\u00e3o fazer um documento conjunto solicitando o apoio direto do governo do estado para medidas mais incisivas de conten\u00e7\u00e3o. O grupo tamb\u00e9m se comprometeu a agir de forma conjunta em uma s\u00e9rie de tomada de decis\u00f5es.<\/p>\n<p>Nesse quesito, o prefeito Rodrigo Hagge, solicitou que as cidades da regi\u00e3o colocassem \u00e0 disposi\u00e7\u00e3o da popula\u00e7\u00e3o servi\u00e7os que facilitem, por exemplo, consulta e regulariza\u00e7\u00e3o do CPF, evitando que as pessoas tenham que vir \u00e0 ag\u00eancia da Caixa Econ\u00f4mica de Itapetinga para servi\u00e7os que podem ser realizados pela internet.<\/p>\n<p>\u201c\u00c9 muito importante neste momento, a uni\u00e3o de todos os prefeitos. N\u00f3s estamos na ponta, no \u00faltimo ente da federa\u00e7\u00e3o que vai cuidar, que vai abra\u00e7ar essas pessoas. \u00c9 em conjunto que a gente aprende, \u00e9 em conjunto que a gente une for\u00e7as. Uni\u00e3o \u00e9 a palavra do momento, na minha opini\u00e3o, para todos os prefeitos da Bahia. Unidos nossas decis\u00f5es s\u00e3o mais embasadas, nossas decis\u00f5es abrangem muito mais a popula\u00e7\u00e3o da nossa regi\u00e3o, a popula\u00e7\u00e3o do nosso estado. Por isso provocamos essa reuni\u00e3o e com certeza fomos abra\u00e7ados pelo cons\u00f3rcio do m\u00e9dio sudoeste\u201d, afirmou o prefeito Rodrigo Hagge<img decoding=\"async\" class=\"wp-image-9131\" src=\"https:\/\/cdn.shortpixel.ai\/client\/q_glossy,ret_img\/http:\/\/www.itapetinga.ba.gov.br\/wp-content\/uploads\/2020\/04\/WhatsApp-Image-2020-04-23-at-08.31.58-1280x853.jpeg\" sizes=\"(max-width: 1280px) 100vw, 1280px\" srcset=\"https:\/\/cdn.shortpixel.ai\/client\/q_glossy,ret_img,w_1280\/http:\/\/www.itapetinga.ba.gov.br\/wp-content\/uploads\/2020\/04\/WhatsApp-Image-2020-04-23-at-08.31.58.jpeg 1280w, https:\/\/cdn.shortpixel.ai\/client\/q_glossy,ret_img,w_640\/http:\/\/www.itapetinga.ba.gov.br\/wp-content\/uploads\/2020\/04\/WhatsApp-Image-2020-04-23-at-08.31.58-640x426.jpeg 640w, https:\/\/cdn.shortpixel.ai\/client\/q_glossy,ret_img,w_1024\/http:\/\/www.itapetinga.ba.gov.br\/wp-content\/uploads\/2020\/04\/WhatsApp-Image-2020-04-23-at-08.31.58-1024x682.jpeg 1024w, https:\/\/cdn.shortpixel.ai\/client\/q_glossy,ret_img,w_300\/http:\/\/www.itapetinga.ba.gov.br\/wp-content\/uploads\/2020\/04\/WhatsApp-Image-2020-04-23-at-08.31.58-300x200.jpeg 300w, https:\/\/cdn.shortpixel.ai\/client\/q_glossy,ret_img,w_414\/http:\/\/www.itapetinga.ba.gov.br\/wp-content\/uploads\/2020\/04\/WhatsApp-Image-2020-04-23-at-08.31.58-414x276.jpeg 414w, https:\/\/cdn.shortpixel.ai\/client\/q_glossy,ret_img,w_470\/http:\/\/www.itapetinga.ba.gov.br\/wp-content\/uploads\/2020\/04\/WhatsApp-Image-2020-04-23-at-08.31.58-470x313.jpeg 470w, https:\/\/cdn.shortpixel.ai\/client\/q_glossy,ret_img,w_130\/http:\/\/www.itapetinga.ba.gov.br\/wp-content\/uploads\/2020\/04\/WhatsApp-Image-2020-04-23-at-08.31.58-130x86.jpeg 130w, https:\/\/cdn.shortpixel.ai\/client\/q_glossy,ret_img,w_187\/http:\/\/www.itapetinga.ba.gov.br\/wp-content\/uploads\/2020\/04\/WhatsApp-Image-2020-04-23-at-08.31.58-187x124.jpeg 187w, https:\/\/cdn.shortpixel.ai\/client\/q_glossy,ret_img,w_990\/http:\/\/www.itapetinga.ba.gov.br\/wp-content\/uploads\/2020\/04\/WhatsApp-Image-2020-04-23-at-08.31.58-990x660.jpeg 990w\" alt=\"\" data-id=\"9131\" data-link=\"http:\/\/www.itapetinga.ba.gov.br\/em-itapetinga-prefeitos-se-reunem-para-definir-acoes-de-combate-a-covid-19\/whatsapp-image-2020-04-23-at-08-31-58\/\" \/>.<strong><em> \/\/Ascom<\/em><\/strong><\/p>\n","protected":false},"excerpt":{"rendered":"<p>Na manh\u00e3 desta quarta-feira, 22, prefeitos do Cons\u00f3rcio do M\u00e9dio Sudoeste se reuniram em Itapetinga para definir a\u00e7\u00f5es coordenadas de combate \u00e0 Covid-19. Em pauta no debate estiveram temas como: transporte intermunicipal e estadual, educa\u00e7\u00e3o, ordenamento do com\u00e9rcio, festas, entre outros. O grupo promoveu ainda troca de experi\u00eancias relacionadas \u00e0s a\u00e7\u00f5es de conten\u00e7\u00e3o da doen\u00e7a. [&hellip;]<\/p>\n","protected":false},"author":2,"featured_media":86307,"comment_status":"open","ping_status":"open","sticky":false,"template":"","format":"standard","meta":{"footnotes":"","_links_to":"","_links_to_target":""},"categories":[1],"tags":[],"class_list":["post-86305","post","type-post","status-publish","format-standard","has-post-thumbnail","hentry","category-geral"],"views":1026,"_links":{"self":[{"href":"https:\/\/www.sudoestehoje.com.br\/novoportal\/wp-json\/wp\/v2\/posts\/86305","targetHints":{"allow":["GET"]}}],"collection":[{"href":"https:\/\/www.sudoestehoje.com.br\/novoportal\/wp-json\/wp\/v2\/posts"}],"about":[{"href":"https:\/\/www.sudoestehoje.com.br\/novoportal\/wp-json\/wp\/v2\/types\/post"}],"author":[{"embeddable":true,"href":"https:\/\/www.sudoestehoje.com.br\/novoportal\/wp-json\/wp\/v2\/users\/2"}],"replies":[{"embeddable":true,"href":"https:\/\/www.sudoestehoje.com.br\/novoportal\/wp-json\/wp\/v2\/comments?post=86305"}],"version-history":[{"count":3,"href":"https:\/\/www.sudoestehoje.com.br\/novoportal\/wp-json\/wp\/v2\/posts\/86305\/revisions"}],"predecessor-version":[{"id":86309,"href":"https:\/\/www.sudoestehoje.com.br\/novoportal\/wp-json\/wp\/v2\/posts\/86305\/revisions\/86309"}],"wp:featuredmedia":[{"embeddable":true,"href":"https:\/\/www.sudoestehoje.com.br\/novoportal\/wp-json\/wp\/v2\/media\/86307"}],"wp:attachment":[{"href":"https:\/\/www.sudoestehoje.com.br\/novoportal\/wp-json\/wp\/v2\/media?parent=86305"}],"wp:term":[{"taxonomy":"category","embeddable":true,"href":"https:\/\/www.sudoestehoje.com.br\/novoportal\/wp-json\/wp\/v2\/categories?post=86305"},{"taxonomy":"post_tag","embeddable":true,"href":"https:\/\/www.sudoestehoje.com.br\/novoportal\/wp-json\/wp\/v2\/tags?post=86305"}],"curies":[{"name":"wp","href":"https:\/\/api.w.org\/{rel}","templated":true}]}}