
{"id":86300,"date":"2020-04-23T11:39:47","date_gmt":"2020-04-23T14:39:47","guid":{"rendered":"https:\/\/www.sudoestehoje.com.br\/novoportal\/?p=86300"},"modified":"2020-04-23T11:48:41","modified_gmt":"2020-04-23T14:48:41","slug":"mais-um-caso-caminhoneiro-testa-positivo-para-covid-19-em-conquista-e-e-encaminhado-para-itapetinga","status":"publish","type":"post","link":"https:\/\/www.sudoestehoje.com.br\/novoportal\/2020\/04\/23\/mais-um-caso-caminhoneiro-testa-positivo-para-covid-19-em-conquista-e-e-encaminhado-para-itapetinga\/","title":{"rendered":"MAIS UM CASO: CAMINHONEIRO TESTA POSITIVO PARA COVID-19 EM CONQUISTA E \u00c9 ENCAMINHADO PARA ITAPETINGA"},"content":{"rendered":"<p><a href=\"https:\/\/www.sudoestehoje.com.br\/novoportal\/wp-content\/uploads\/2020\/04\/caminhoneiro-piau\u00ed-corona.jpg\"><img loading=\"lazy\" decoding=\"async\" class=\"aligncenter wp-image-86301\" src=\"https:\/\/www.sudoestehoje.com.br\/novoportal\/wp-content\/uploads\/2020\/04\/caminhoneiro-piau\u00ed-corona.jpg\" alt=\"\" width=\"500\" height=\"333\" \/><\/a><\/p>\n<p>Circulou pelas Redes Sociais um v\u00eddeo de 13 segundos mostrando a Opera\u00e7\u00e3o Coronav\u00edrus num Posto de Combust\u00edvel de Vit\u00f3ria da Conquista. Juntamente com uma Guarni\u00e7\u00e3o da Pol\u00edcia Militar do Estado da Bahia, uma equipe em ambul\u00e2ncia prestava atendimento a um motorista de caminh\u00e3o que recorreu a uma Unidade Hospitalar apresentando a suspeita da COVID-19 na noite da quarta-feira (22).<\/p>\n<p><em>\u201cEle mesmo chegou e foi para UPA buscar ajuda e j\u00e1 veio na ambul\u00e2ncia escoltado para pegar carreta e seguir para Itapetinga onde. Vai ficar em quarentena\u201d,<\/em>\u00a0diz um fonte que acompanha a situa\u00e7\u00e3o. A identidade n\u00e3o foi divulgada.<\/p>\n<p>De acordo com a Secretaria Municipal de Itapetinga, o paciente vinha do Piau\u00ed para o Centro Sul Baino e na Unidade de Pronto Atendimento de Vit\u00f3ria da Conquista teve a confirma\u00e7\u00e3o da infec\u00e7\u00e3o pelo Coronav\u00edrus atrav\u00e9s do Teste R\u00e1pido.<\/p>\n<p>O paciente de 63 anos se encontra em isolamento na resid\u00eancia da sua m\u00e3e, em Itapetinga. \/\/Blog do Anderson<\/p>\n","protected":false},"excerpt":{"rendered":"<p>Circulou pelas Redes Sociais um v\u00eddeo de 13 segundos mostrando a Opera\u00e7\u00e3o Coronav\u00edrus num Posto de Combust\u00edvel de Vit\u00f3ria da Conquista. Juntamente com uma Guarni\u00e7\u00e3o da Pol\u00edcia Militar do Estado da Bahia, uma equipe em ambul\u00e2ncia prestava atendimento a um motorista de caminh\u00e3o que recorreu a uma Unidade Hospitalar apresentando a suspeita da COVID-19 na [&hellip;]<\/p>\n","protected":false},"author":2,"featured_media":86301,"comment_status":"open","ping_status":"open","sticky":false,"template":"","format":"standard","meta":{"footnotes":"","_links_to":"","_links_to_target":""},"categories":[1],"tags":[],"class_list":["post-86300","post","type-post","status-publish","format-standard","has-post-thumbnail","hentry","category-geral"],"views":1529,"_links":{"self":[{"href":"https:\/\/www.sudoestehoje.com.br\/novoportal\/wp-json\/wp\/v2\/posts\/86300","targetHints":{"allow":["GET"]}}],"collection":[{"href":"https:\/\/www.sudoestehoje.com.br\/novoportal\/wp-json\/wp\/v2\/posts"}],"about":[{"href":"https:\/\/www.sudoestehoje.com.br\/novoportal\/wp-json\/wp\/v2\/types\/post"}],"author":[{"embeddable":true,"href":"https:\/\/www.sudoestehoje.com.br\/novoportal\/wp-json\/wp\/v2\/users\/2"}],"replies":[{"embeddable":true,"href":"https:\/\/www.sudoestehoje.com.br\/novoportal\/wp-json\/wp\/v2\/comments?post=86300"}],"version-history":[{"count":3,"href":"https:\/\/www.sudoestehoje.com.br\/novoportal\/wp-json\/wp\/v2\/posts\/86300\/revisions"}],"predecessor-version":[{"id":86304,"href":"https:\/\/www.sudoestehoje.com.br\/novoportal\/wp-json\/wp\/v2\/posts\/86300\/revisions\/86304"}],"wp:featuredmedia":[{"embeddable":true,"href":"https:\/\/www.sudoestehoje.com.br\/novoportal\/wp-json\/wp\/v2\/media\/86301"}],"wp:attachment":[{"href":"https:\/\/www.sudoestehoje.com.br\/novoportal\/wp-json\/wp\/v2\/media?parent=86300"}],"wp:term":[{"taxonomy":"category","embeddable":true,"href":"https:\/\/www.sudoestehoje.com.br\/novoportal\/wp-json\/wp\/v2\/categories?post=86300"},{"taxonomy":"post_tag","embeddable":true,"href":"https:\/\/www.sudoestehoje.com.br\/novoportal\/wp-json\/wp\/v2\/tags?post=86300"}],"curies":[{"name":"wp","href":"https:\/\/api.w.org\/{rel}","templated":true}]}}