
{"id":86297,"date":"2020-04-22T22:47:53","date_gmt":"2020-04-23T01:47:53","guid":{"rendered":"https:\/\/www.sudoestehoje.com.br\/novoportal\/?p=86297"},"modified":"2020-04-22T22:47:53","modified_gmt":"2020-04-23T01:47:53","slug":"antonio-brito-se-reune-com-novo-ministro-da-saude-para-debater-acoes-de-combate-ao-coronavirus","status":"publish","type":"post","link":"https:\/\/www.sudoestehoje.com.br\/novoportal\/2020\/04\/22\/antonio-brito-se-reune-com-novo-ministro-da-saude-para-debater-acoes-de-combate-ao-coronavirus\/","title":{"rendered":"ANTONIO BRITO SE RE\u00daNE COM NOVO MINISTRO DA SA\u00daDE PARA DEBATER A\u00c7\u00d5ES DE COMBATE AO CORONAV\u00cdRUS"},"content":{"rendered":"<p><a href=\"https:\/\/www.sudoestehoje.com.br\/novoportal\/wp-content\/uploads\/2020\/04\/brito-e-novo-ministro-1.jpg\"><img loading=\"lazy\" decoding=\"async\" class=\"aligncenter size-medium wp-image-86298\" src=\"https:\/\/www.sudoestehoje.com.br\/novoportal\/wp-content\/uploads\/2020\/04\/brito-e-novo-ministro-1-500x396.jpg\" alt=\"\" width=\"500\" height=\"396\" srcset=\"https:\/\/www.sudoestehoje.com.br\/novoportal\/wp-content\/uploads\/2020\/04\/brito-e-novo-ministro-1-500x396.jpg 500w, https:\/\/www.sudoestehoje.com.br\/novoportal\/wp-content\/uploads\/2020\/04\/brito-e-novo-ministro-1-700x554.jpg 700w, https:\/\/www.sudoestehoje.com.br\/novoportal\/wp-content\/uploads\/2020\/04\/brito-e-novo-ministro-1-768x608.jpg 768w, https:\/\/www.sudoestehoje.com.br\/novoportal\/wp-content\/uploads\/2020\/04\/brito-e-novo-ministro-1.jpg 909w\" sizes=\"auto, (max-width: 500px) 100vw, 500px\" \/><\/a><\/p>\n<p>O presidente da Comiss\u00e3o de Seguridade Social e Fam\u00edlia (CSSF) da C\u00e2mara dos Deputados, deputado federal Antonio Brito (PSD\/BA), se reuniu, na noite desta quarta-feira (22), com o ministro da Sa\u00fade, Nelson Teich, juntamente com o presidente da comiss\u00e3o externa sobre o combate ao coronav\u00edrus, deputado Dr. Luizinho, e o l\u00edder do governo, deputado Major Vitor Hugo, para tratar dos planos e a\u00e7\u00f5es do Minist\u00e9rio no combate a pandemia.<\/p>\n<p>Na ocasi\u00e3o, o parlamentar baiano refor\u00e7ou o pedido de apoio \u00e0s Santas Casas e Hospitais filantr\u00f3picos, institui\u00e7\u00f5es que respondem por mais de 50% dos atendimentos pelo Sistema \u00danico de Sa\u00fade (SUS).<\/p>\n<p>Antonio Brito tamb\u00e9m pontuou a relev\u00e2ncia da san\u00e7\u00e3o presidencial de dois projetos de lei: o 805\/2020, que permite que as Santas Casas ofertem leitos para atender pacientes com coronav\u00edrus sem preju\u00edzos or\u00e7ament\u00e1rios; e o\u00a01006\/2020, que concede o repasse de R$ 2 bilh\u00f5es da Uni\u00e3o, como a\u00e7\u00e3o emergencial, para santas casas e hospitais sem fins lucrativos se estruturarem fisicamente para combater a pandemia do COVID-19.<\/p>\n","protected":false},"excerpt":{"rendered":"<p>O presidente da Comiss\u00e3o de Seguridade Social e Fam\u00edlia (CSSF) da C\u00e2mara dos Deputados, deputado federal Antonio Brito (PSD\/BA), se reuniu, na noite desta quarta-feira (22), com o ministro da Sa\u00fade, Nelson Teich, juntamente com o presidente da comiss\u00e3o externa sobre o combate ao coronav\u00edrus, deputado Dr. Luizinho, e o l\u00edder do governo, deputado Major [&hellip;]<\/p>\n","protected":false},"author":2,"featured_media":86298,"comment_status":"open","ping_status":"open","sticky":false,"template":"","format":"standard","meta":{"footnotes":"","_links_to":"","_links_to_target":""},"categories":[1],"tags":[],"class_list":["post-86297","post","type-post","status-publish","format-standard","has-post-thumbnail","hentry","category-geral"],"views":799,"_links":{"self":[{"href":"https:\/\/www.sudoestehoje.com.br\/novoportal\/wp-json\/wp\/v2\/posts\/86297","targetHints":{"allow":["GET"]}}],"collection":[{"href":"https:\/\/www.sudoestehoje.com.br\/novoportal\/wp-json\/wp\/v2\/posts"}],"about":[{"href":"https:\/\/www.sudoestehoje.com.br\/novoportal\/wp-json\/wp\/v2\/types\/post"}],"author":[{"embeddable":true,"href":"https:\/\/www.sudoestehoje.com.br\/novoportal\/wp-json\/wp\/v2\/users\/2"}],"replies":[{"embeddable":true,"href":"https:\/\/www.sudoestehoje.com.br\/novoportal\/wp-json\/wp\/v2\/comments?post=86297"}],"version-history":[{"count":1,"href":"https:\/\/www.sudoestehoje.com.br\/novoportal\/wp-json\/wp\/v2\/posts\/86297\/revisions"}],"predecessor-version":[{"id":86299,"href":"https:\/\/www.sudoestehoje.com.br\/novoportal\/wp-json\/wp\/v2\/posts\/86297\/revisions\/86299"}],"wp:featuredmedia":[{"embeddable":true,"href":"https:\/\/www.sudoestehoje.com.br\/novoportal\/wp-json\/wp\/v2\/media\/86298"}],"wp:attachment":[{"href":"https:\/\/www.sudoestehoje.com.br\/novoportal\/wp-json\/wp\/v2\/media?parent=86297"}],"wp:term":[{"taxonomy":"category","embeddable":true,"href":"https:\/\/www.sudoestehoje.com.br\/novoportal\/wp-json\/wp\/v2\/categories?post=86297"},{"taxonomy":"post_tag","embeddable":true,"href":"https:\/\/www.sudoestehoje.com.br\/novoportal\/wp-json\/wp\/v2\/tags?post=86297"}],"curies":[{"name":"wp","href":"https:\/\/api.w.org\/{rel}","templated":true}]}}