
{"id":86280,"date":"2020-04-22T20:35:10","date_gmt":"2020-04-22T23:35:10","guid":{"rendered":"https:\/\/www.sudoestehoje.com.br\/novoportal\/?p=86280"},"modified":"2020-04-22T21:54:16","modified_gmt":"2020-04-23T00:54:16","slug":"prefeitura-de-itapetinga-instala-lavatorios-portateis-em-ruas-centrais-da-cidade","status":"publish","type":"post","link":"https:\/\/www.sudoestehoje.com.br\/novoportal\/2020\/04\/22\/prefeitura-de-itapetinga-instala-lavatorios-portateis-em-ruas-centrais-da-cidade\/","title":{"rendered":"PREFEITURA DE ITAPETINGA INSTALA LAVAT\u00d3RIOS PORT\u00c1TEIS EM RUAS CENTRAIS DA CIDADE"},"content":{"rendered":"<p><a href=\"https:\/\/www.sudoestehoje.com.br\/novoportal\/wp-content\/uploads\/2020\/04\/lavatorios.jpeg\"><img loading=\"lazy\" decoding=\"async\" class=\"aligncenter size-medium wp-image-86285\" src=\"https:\/\/www.sudoestehoje.com.br\/novoportal\/wp-content\/uploads\/2020\/04\/lavatorios-500x375.jpeg\" alt=\"\" width=\"500\" height=\"375\" srcset=\"https:\/\/www.sudoestehoje.com.br\/novoportal\/wp-content\/uploads\/2020\/04\/lavatorios-500x375.jpeg 500w, https:\/\/www.sudoestehoje.com.br\/novoportal\/wp-content\/uploads\/2020\/04\/lavatorios-700x525.jpeg 700w, https:\/\/www.sudoestehoje.com.br\/novoportal\/wp-content\/uploads\/2020\/04\/lavatorios-768x576.jpeg 768w, https:\/\/www.sudoestehoje.com.br\/novoportal\/wp-content\/uploads\/2020\/04\/lavatorios.jpeg 1280w\" sizes=\"auto, (max-width: 500px) 100vw, 500px\" \/><\/a><\/p>\n<p>Na luta pelo combate ao Coronav\u00edrus, a prefeitura de Itapetinga, atrav\u00e9s do SAAE, iniciou a instala\u00e7\u00e3o de LAVAT\u00d3RIOS PORT\u00c1TEIS em pontos estrat\u00e9gicos e de maior movimenta\u00e7\u00e3o de pessoas no centro comercial da cidade.<\/p>\n<p>Cada estrutura tem capacidade ilimitada de \u00e1gua e conta com torneiras de pl\u00e1stico, al\u00e9m de recipientes para sab\u00e3o l\u00edquido e papel toalha. Segundo a prefeitura, a \u00e1gua \u00e9 pot\u00e1vel, por\u00e9m \u00e9 exclusiva para higienizar as m\u00e3os e n\u00e3o deve ser ingerida, vez que \u00e9 ligada diretamente \u00e0\u00a0 rede de abastecimento do SAAE.<\/p>\n<p><a href=\"https:\/\/www.sudoestehoje.com.br\/novoportal\/wp-content\/uploads\/2020\/04\/lavat.jpeg\"><img loading=\"lazy\" decoding=\"async\" class=\"aligncenter size-medium wp-image-86288\" src=\"https:\/\/www.sudoestehoje.com.br\/novoportal\/wp-content\/uploads\/2020\/04\/lavat-500x375.jpeg\" alt=\"\" width=\"500\" height=\"375\" srcset=\"https:\/\/www.sudoestehoje.com.br\/novoportal\/wp-content\/uploads\/2020\/04\/lavat-500x375.jpeg 500w, https:\/\/www.sudoestehoje.com.br\/novoportal\/wp-content\/uploads\/2020\/04\/lavat-700x525.jpeg 700w, https:\/\/www.sudoestehoje.com.br\/novoportal\/wp-content\/uploads\/2020\/04\/lavat-768x576.jpeg 768w, https:\/\/www.sudoestehoje.com.br\/novoportal\/wp-content\/uploads\/2020\/04\/lavat.jpeg 1008w\" sizes=\"auto, (max-width: 500px) 100vw, 500px\" \/><\/a><\/p>\n<p>Em contato com o Sudoeste Hoje, o prefeito Rodrigo Hagge informou que tomou a iniciativa a pedido dos t\u00e9cnicos da Secretaria de Sa\u00fade, para proporcionar a higieniza\u00e7\u00e3o das m\u00e3os de quem circula pelas ruas da cidade e n\u00e3o disp\u00f5e de \u00e1lcool gel.<\/p>\n<p>O primeiro lavat\u00f3rio port\u00e1til foi instalado em frente \u00e0 ag\u00eancia da Caixa Econ\u00f4mica Federal, na rua Bar\u00e3o do Rio Branco. Outros ser\u00e3o instalados nas ruas centrais e tamb\u00e9m nas feiras-livres, segundo apurou o Sudoeste Hoje.<\/p>\n<p><strong><em>Por Davi Ferraz<\/em><\/strong><\/p>\n<p><a href=\"https:\/\/www.sudoestehoje.com.br\/novoportal\/wp-content\/uploads\/2020\/04\/covid-itap.jpg\"><img loading=\"lazy\" decoding=\"async\" class=\"aligncenter size-medium wp-image-86290\" src=\"https:\/\/www.sudoestehoje.com.br\/novoportal\/wp-content\/uploads\/2020\/04\/covid-itap-500x625.jpg\" alt=\"\" width=\"500\" height=\"625\" srcset=\"https:\/\/www.sudoestehoje.com.br\/novoportal\/wp-content\/uploads\/2020\/04\/covid-itap-500x625.jpg 500w, https:\/\/www.sudoestehoje.com.br\/novoportal\/wp-content\/uploads\/2020\/04\/covid-itap-700x875.jpg 700w, https:\/\/www.sudoestehoje.com.br\/novoportal\/wp-content\/uploads\/2020\/04\/covid-itap.jpg 768w\" sizes=\"auto, (max-width: 500px) 100vw, 500px\" \/><\/a><\/p>\n","protected":false},"excerpt":{"rendered":"<p>Na luta pelo combate ao Coronav\u00edrus, a prefeitura de Itapetinga, atrav\u00e9s do SAAE, iniciou a instala\u00e7\u00e3o de LAVAT\u00d3RIOS PORT\u00c1TEIS em pontos estrat\u00e9gicos e de maior movimenta\u00e7\u00e3o de pessoas no centro comercial da cidade. Cada estrutura tem capacidade ilimitada de \u00e1gua e conta com torneiras de pl\u00e1stico, al\u00e9m de recipientes para sab\u00e3o l\u00edquido e papel toalha. [&hellip;]<\/p>\n","protected":false},"author":2,"featured_media":86288,"comment_status":"open","ping_status":"open","sticky":false,"template":"","format":"standard","meta":{"footnotes":"","_links_to":"","_links_to_target":""},"categories":[1],"tags":[],"class_list":["post-86280","post","type-post","status-publish","format-standard","has-post-thumbnail","hentry","category-geral"],"views":2103,"_links":{"self":[{"href":"https:\/\/www.sudoestehoje.com.br\/novoportal\/wp-json\/wp\/v2\/posts\/86280","targetHints":{"allow":["GET"]}}],"collection":[{"href":"https:\/\/www.sudoestehoje.com.br\/novoportal\/wp-json\/wp\/v2\/posts"}],"about":[{"href":"https:\/\/www.sudoestehoje.com.br\/novoportal\/wp-json\/wp\/v2\/types\/post"}],"author":[{"embeddable":true,"href":"https:\/\/www.sudoestehoje.com.br\/novoportal\/wp-json\/wp\/v2\/users\/2"}],"replies":[{"embeddable":true,"href":"https:\/\/www.sudoestehoje.com.br\/novoportal\/wp-json\/wp\/v2\/comments?post=86280"}],"version-history":[{"count":8,"href":"https:\/\/www.sudoestehoje.com.br\/novoportal\/wp-json\/wp\/v2\/posts\/86280\/revisions"}],"predecessor-version":[{"id":86291,"href":"https:\/\/www.sudoestehoje.com.br\/novoportal\/wp-json\/wp\/v2\/posts\/86280\/revisions\/86291"}],"wp:featuredmedia":[{"embeddable":true,"href":"https:\/\/www.sudoestehoje.com.br\/novoportal\/wp-json\/wp\/v2\/media\/86288"}],"wp:attachment":[{"href":"https:\/\/www.sudoestehoje.com.br\/novoportal\/wp-json\/wp\/v2\/media?parent=86280"}],"wp:term":[{"taxonomy":"category","embeddable":true,"href":"https:\/\/www.sudoestehoje.com.br\/novoportal\/wp-json\/wp\/v2\/categories?post=86280"},{"taxonomy":"post_tag","embeddable":true,"href":"https:\/\/www.sudoestehoje.com.br\/novoportal\/wp-json\/wp\/v2\/tags?post=86280"}],"curies":[{"name":"wp","href":"https:\/\/api.w.org\/{rel}","templated":true}]}}